{"id":88664,"date":"2024-10-13T16:40:35","date_gmt":"2024-10-13T22:40:35","guid":{"rendered":"https:\/\/portaltactica.com\/?p=88664"},"modified":"2024-10-13T16:43:27","modified_gmt":"2024-10-13T22:43:27","slug":"crece-en-exigencia-el-selectivo-municipal-de-karate","status":"publish","type":"post","link":"https:\/\/portaltactica.com\/?p=88664","title":{"rendered":"Crece en exigencia el Selectivo Municipal de Karate"},"content":{"rendered":"\n<p>Un grupo de 120 aspirantes participan en dos d\u00edas de competencia, en busca de lograr el pase a la etapa estatal de los Juegos Nacionales Conade 2025.<br><br><br>Mazatl\u00e1n, Sinaloa a 13 de octubre de 2024.- El Comit\u00e9 Municipal de Karate realiz\u00f3 el Selectivo Municipal de la disciplina en la Unidad Deportiva Benito Ju\u00e1rez, en coordinaci\u00f3n con el Instituto Municipal del Deporte Mazatl\u00e1n, con la mira puesta en los Juegos Nacionales Conade 2025.<br><br>Fueron 120 los karatecas participantes en dos d\u00edas de actividades: el s\u00e1bado 12 de octubre dedicado a la modalidad de kata y el domingo 13 al combate. Para el coordinador de Deporte Federado y Adaptado, Jos\u00e9 \u00c1ngel Vega Salcido, los resultados fueron muy prometedores <br><br>&#8220;De los primeros y segundos lugares saldr\u00e1n los artemarcialistas que formar\u00e1n la selecci\u00f3n municipal. Vimos un gran esfuerzo y desempe\u00f1o y esperamos muy buenos resultados en las etapas que vienen&#8221;, dijo Vega Salcido.<br><br>Con el objetivo claro de obtener el boleto a la etapa estatal de los Juegos Conade, alumnos de 10 diferentes escuelas midieron su t\u00e9cnica y desempe\u00f1o en el tatami, que demostr\u00f3, para el presidente del Comit\u00e9 de Karate, Gerardo Alexis Garc\u00eda L\u00f3pez, un avance significativo del 2023 a la fecha.<br><br>&#8220;Tenemos mucho talento y desde ayer, en la competencia de kata, se mostr\u00f3 una t\u00e9cnica muy trabajada. Hemos visto una mejora significativa, ya que el entrenamiento ha sido m\u00e1s riguroso por los cambios que instruy\u00f3 la Federaci\u00f3n Mundial de Karate&#8221;, dijo Garc\u00eda L\u00f3pez.<br><br>Adem\u00e1s de las grandes promesas que se han integrado a la Selecci\u00f3n Mazatl\u00e1n, participaron los hermanos Yoshi, las hermanas Garc\u00eda, Marco Ord\u00f3\u00f1ez, as\u00ed como Luis Hern\u00e1ndez, quienes ya han ganado medalla a nivel nacional y se espera realicen, de nuevo, una gran actuaci\u00f3n en la siguiente edici\u00f3n de los Juegos Conade.<\/p>\n<div class='share-to-whatsapp-wrapper'><div class='share-on-whsp'>Share on: <\/div><a data-text='Crece en exigencia el Selectivo Municipal de Karate' data-link='https:\/\/portaltactica.com\/?p=88664' class='whatsapp-button whatsapp-share'>WhatsApp<\/a><div class='clear '><\/div><\/div>","protected":false},"excerpt":{"rendered":"<p>Un grupo de 120 aspirantes participan en dos d\u00edas de competencia, en busca de lograr el pase a la etapa estatal&hellip;<\/p>\n","protected":false},"author":1,"featured_media":88663,"comment_status":"closed","ping_status":"","sticky":false,"template":"","format":"standard","meta":{"advanced_seo_description":"","jetpack_seo_html_title":"","jetpack_seo_noindex":false,"_jetpack_memberships_contains_paid_content":false,"footnotes":"","jetpack_publicize_message":"","jetpack_publicize_feature_enabled":true,"jetpack_social_post_already_shared":false,"jetpack_social_options":{"image_generator_settings":{"template":"highway","default_image_id":0,"font":"","enabled":false},"version":2}},"categories":[10],"tags":[37],"class_list":["post-88664","post","type-post","status-publish","format-standard","has-post-thumbnail","hentry","category-mazatlan","tag-imdem"],"jetpack_publicize_connections":[],"jetpack_featured_media_url":"https:\/\/portaltactica.com\/wp-content\/uploads\/2024\/10\/IMG-20241013-WA0145.jpg","jetpack_sharing_enabled":true,"_links":{"self":[{"href":"https:\/\/portaltactica.com\/index.php?rest_route=\/wp\/v2\/posts\/88664","targetHints":{"allow":["GET"]}}],"collection":[{"href":"https:\/\/portaltactica.com\/index.php?rest_route=\/wp\/v2\/posts"}],"about":[{"href":"https:\/\/portaltactica.com\/index.php?rest_route=\/wp\/v2\/types\/post"}],"author":[{"embeddable":true,"href":"https:\/\/portaltactica.com\/index.php?rest_route=\/wp\/v2\/users\/1"}],"replies":[{"embeddable":true,"href":"https:\/\/portaltactica.com\/index.php?rest_route=%2Fwp%2Fv2%2Fcomments&post=88664"}],"version-history":[{"count":1,"href":"https:\/\/portaltactica.com\/index.php?rest_route=\/wp\/v2\/posts\/88664\/revisions"}],"predecessor-version":[{"id":88665,"href":"https:\/\/portaltactica.com\/index.php?rest_route=\/wp\/v2\/posts\/88664\/revisions\/88665"}],"wp:featuredmedia":[{"embeddable":true,"href":"https:\/\/portaltactica.com\/index.php?rest_route=\/wp\/v2\/media\/88663"}],"wp:attachment":[{"href":"https:\/\/portaltactica.com\/index.php?rest_route=%2Fwp%2Fv2%2Fmedia&parent=88664"}],"wp:term":[{"taxonomy":"category","embeddable":true,"href":"https:\/\/portaltactica.com\/index.php?rest_route=%2Fwp%2Fv2%2Fcategories&post=88664"},{"taxonomy":"post_tag","embeddable":true,"href":"https:\/\/portaltactica.com\/index.php?rest_route=%2Fwp%2Fv2%2Ftags&post=88664"}],"curies":[{"name":"wp","href":"https:\/\/api.w.org\/{rel}","templated":true}]}}