{"id":88622,"date":"2024-10-12T09:37:35","date_gmt":"2024-10-12T15:37:35","guid":{"rendered":"https:\/\/portaltactica.com\/?p=88622"},"modified":"2024-10-12T09:37:37","modified_gmt":"2024-10-12T15:37:37","slug":"responsabilizo-a-suarez-bielsa-reconoce-que-las-criticas-han-mermado-su-liderazgo","status":"publish","type":"post","link":"https:\/\/portaltactica.com\/?p=88622","title":{"rendered":"\u00bfResponsabiliz\u00f3 a Su\u00e1rez? Bielsa reconoce que las cr\u00edticas han mermado su liderazgo"},"content":{"rendered":"\n<p>La \u00faltima semana ha sido m\u00e1s que complicada para\u00a0<strong>Marcelo Bielsa<\/strong>\u00a0pues no s\u00f3lo cayeron este pasado viernes ante\u00a0<strong>Per\u00fa<\/strong>, sino que tambi\u00e9n ha sido criticado por m\u00e1s de un futbolista uruguayo\u00a0<strong>a\u00f1adiendo m\u00e1s pol\u00e9mica a su curr\u00edculum<\/strong>.<\/p>\n\n\n\n<p>D\u00edas despu\u00e9s de haber anunciado su retiro\u00a0<strong>Luis Su\u00e1rez<\/strong>\u00a0habl\u00f3 sobre el entrenador de la\u00a0<strong>Selecci\u00f3n Uruguaya<\/strong>\u00a0criticando la manera en la que maneja al equipo. Ante esto el entrenador confes\u00f3 que\u00a0<strong>estos comentarios han afectado su autoridad<\/strong>, sin embargo,\u00a0<strong>descart\u00f3 que hayan influido en el resultado de su \u00faltimo partido.<\/strong><\/p>\n\n\n\n<p>\u201cCreo que&nbsp;<strong>lo que pas\u00f3 en la semana no condiciona y no lo vinculo con c\u00f3mo jugamos<\/strong>. Ni creo que haya tenido efecto que hay sido una semana con mucha efervescencia.<\/p>\n\n\n\n<p>\u201cRespecto de c\u00f3mo opero sobre m\u00ed toda la situaci\u00f3n, yo no ignoro todo lo que pas\u00f3 y&nbsp;<strong>s\u00e9 que mi autoridad queda de alg\u00fan modo afectada<\/strong>, pero la preparaci\u00f3n del partido yo la hice con m\u00e1xima seriedad y&nbsp;<strong>la respuesta que encontr\u00e9 en los jugadores fue la misma<\/strong>&nbsp;que encontr\u00e9 siempre desde que empec\u00e9 a trabajar en la selecci\u00f3n\u201d, expres\u00f3 el DT en conferencia de prensa.<\/p>\n\n\n\n<p>De la misma forma, Bielsa se neg\u00f3 a responder con m\u00e1s detalles a las cr\u00edticas tanto de Su\u00e1rez como de&nbsp;<strong>Agust\u00edn Canobbio<\/strong>&nbsp;asegurando que esos temas \u2018<strong>corresponden a la intimidad del grup<\/strong>o\u2019 y eso debe ser revisado dentro del equipo.<\/p>\n\n\n\n<p>\u201cNo voy a responder sobre el contenido de los encuentros que se dieron y de los temas que se revisaron.&nbsp;<strong>M\u00e1s que eso no le puedo decir porque tendr\u00eda que describirle aspectos que yo entiendo que corresponden a la intimidad de un grupo<\/strong>&nbsp;que funciona, que los episodios que se&nbsp;<strong>deben revisar se deben hacerlo internamente<\/strong>, no difundi\u00e9ndolos\u201d, finaliz\u00f3.<\/p>\n\n\n\n<p><\/p>\n<div class='share-to-whatsapp-wrapper'><div class='share-on-whsp'>Share on: <\/div><a data-text='\u00bfResponsabiliz\u00f3 a Su\u00e1rez? Bielsa reconoce que las cr\u00edticas han mermado su liderazgo' data-link='https:\/\/portaltactica.com\/?p=88622' class='whatsapp-button whatsapp-share'>WhatsApp<\/a><div class='clear '><\/div><\/div>","protected":false},"excerpt":{"rendered":"<p>La \u00faltima semana ha sido m\u00e1s que complicada para\u00a0Marcelo Bielsa\u00a0pues no s\u00f3lo cayeron este pasado viernes ante\u00a0Per\u00fa, sino que tambi\u00e9n ha&hellip;<\/p>\n","protected":false},"author":2,"featured_media":88623,"comment_status":"closed","ping_status":"closed","sticky":false,"template":"","format":"standard","meta":{"advanced_seo_description":"","jetpack_seo_html_title":"","jetpack_seo_noindex":false,"_jetpack_memberships_contains_paid_content":false,"footnotes":"","jetpack_publicize_message":"","jetpack_publicize_feature_enabled":true,"jetpack_social_post_already_shared":false,"jetpack_social_options":{"image_generator_settings":{"template":"highway","default_image_id":0,"font":"","enabled":false},"version":2}},"categories":[1898],"tags":[],"class_list":["post-88622","post","type-post","status-publish","format-standard","has-post-thumbnail","hentry","category-destacado-internacional"],"jetpack_publicize_connections":[],"jetpack_featured_media_url":"https:\/\/portaltactica.com\/wp-content\/uploads\/2024\/10\/5-1.jpg","jetpack_sharing_enabled":true,"_links":{"self":[{"href":"https:\/\/portaltactica.com\/index.php?rest_route=\/wp\/v2\/posts\/88622","targetHints":{"allow":["GET"]}}],"collection":[{"href":"https:\/\/portaltactica.com\/index.php?rest_route=\/wp\/v2\/posts"}],"about":[{"href":"https:\/\/portaltactica.com\/index.php?rest_route=\/wp\/v2\/types\/post"}],"author":[{"embeddable":true,"href":"https:\/\/portaltactica.com\/index.php?rest_route=\/wp\/v2\/users\/2"}],"replies":[{"embeddable":true,"href":"https:\/\/portaltactica.com\/index.php?rest_route=%2Fwp%2Fv2%2Fcomments&post=88622"}],"version-history":[{"count":1,"href":"https:\/\/portaltactica.com\/index.php?rest_route=\/wp\/v2\/posts\/88622\/revisions"}],"predecessor-version":[{"id":88624,"href":"https:\/\/portaltactica.com\/index.php?rest_route=\/wp\/v2\/posts\/88622\/revisions\/88624"}],"wp:featuredmedia":[{"embeddable":true,"href":"https:\/\/portaltactica.com\/index.php?rest_route=\/wp\/v2\/media\/88623"}],"wp:attachment":[{"href":"https:\/\/portaltactica.com\/index.php?rest_route=%2Fwp%2Fv2%2Fmedia&parent=88622"}],"wp:term":[{"taxonomy":"category","embeddable":true,"href":"https:\/\/portaltactica.com\/index.php?rest_route=%2Fwp%2Fv2%2Fcategories&post=88622"},{"taxonomy":"post_tag","embeddable":true,"href":"https:\/\/portaltactica.com\/index.php?rest_route=%2Fwp%2Fv2%2Ftags&post=88622"}],"curies":[{"name":"wp","href":"https:\/\/api.w.org\/{rel}","templated":true}]}}