{"id":87970,"date":"2024-09-23T18:29:24","date_gmt":"2024-09-24T00:29:24","guid":{"rendered":"https:\/\/portaltactica.com\/?p=87970"},"modified":"2024-09-23T18:29:27","modified_gmt":"2024-09-24T00:29:27","slug":"rafael-nadal-tomara-las-riendas-del-equipo-espanol-en-la-copa-davis-2024","status":"publish","type":"post","link":"https:\/\/portaltactica.com\/?p=87970","title":{"rendered":"Rafael Nadal tomar\u00e1 las riendas del equipo espa\u00f1ol en la Copa Davis 2024"},"content":{"rendered":"\n<p>El tenista espa\u00f1ol\u00a0<strong>Rafael\u00a0Nadal\u00a0<\/strong>es la gran novedad en la lista de David Ferrer, capit\u00e1n de la\u00a0<strong>Copa Davis<\/strong>, para la &#8216;<em>Final a 8<\/em>&#8216; de la competici\u00f3n que se disputar\u00e1 en el Palacio de Deportes Jos\u00e9 Mar\u00eda Mart\u00edn Carpena entre el<strong>\u00a019 y el 24 de noviembre<\/strong>, seg\u00fan ha anunciado este lunes el de J\u00e1vea.<\/p>\n\n\n\n<p>El jugador balear, que no juega un partido desde su&nbsp;<strong>eliminaci\u00f3n<\/strong>&nbsp;en los pasados<strong>&nbsp;Juegos de Par\u00eds<\/strong>, volver\u00e1 a disputar esta competici\u00f3n cinco a\u00f1os despu\u00e9s de ayudar a Espa\u00f1a a conquistar en Madrid ante Canad\u00e1 su&nbsp;<strong>sexta&nbsp;<\/strong>&#8216;<em><strong>Ensaladera<\/strong><\/em>&#8216;.<\/p>\n\n\n\n<p>El de Manacor, que\u00a0<strong>s\u00f3lo ha perdido un partido en su carrera\u00a0<\/strong>a nivel individual\u00a0<strong>en una Copa Davis<\/strong>\u00a0que ha conquistado en cinco ocasiones, estar\u00e1 acompa\u00f1ado en la capital costasole\u00f1a por Carlos\u00a0<strong>Alcaraz<\/strong>, Roberto\u00a0<strong>Bautista<\/strong>, Pablo\u00a0<strong>Carre\u00f1o\u00a0<\/strong>y Marcel\u00a0<strong>Granollers<\/strong>, con los que intentar\u00e1 superar el cruce de cuartos ante los Pa\u00edses Bajos.<\/p>\n\n\n\n<figure class=\"wp-block-embed is-type-rich is-provider-twitter wp-block-embed-twitter\"><div class=\"wp-block-embed__wrapper\">\n<blockquote class=\"twitter-tweet\" data-width=\"550\" data-dnt=\"true\"><p lang=\"es\" dir=\"ltr\">\u00bfEl regreso de <a href=\"https:\/\/twitter.com\/hashtag\/Nadalcaraz?src=hash&amp;ref_src=twsrc%5Etfw\">#Nadalcaraz<\/a>? \ud83d\udc40\ud83c\uddea\ud83c\uddf8<br><br>\u00a1Rafa y Carlitos jugar\u00e1n el Final 8 en M\u00e1laga!<a href=\"https:\/\/twitter.com\/hashtag\/CopaDavis?src=hash&amp;ref_src=twsrc%5Etfw\">#CopaDavis<\/a> I <a href=\"https:\/\/twitter.com\/RFETenis?ref_src=twsrc%5Etfw\">@RFETenis<\/a> <a href=\"https:\/\/twitter.com\/RafaelNadal?ref_src=twsrc%5Etfw\">@RafaelNadal<\/a> <a href=\"https:\/\/twitter.com\/carlosalcaraz?ref_src=twsrc%5Etfw\">@carlosalcaraz<\/a> <a href=\"https:\/\/t.co\/uuBC7telwf\">pic.twitter.com\/uuBC7telwf<\/a><\/p>&mdash; Copa Davis (@CopaDavis) <a href=\"https:\/\/twitter.com\/CopaDavis\/status\/1838296506807521456?ref_src=twsrc%5Etfw\">September 23, 2024<\/a><\/blockquote><script async src=\"https:\/\/platform.twitter.com\/widgets.js\" charset=\"utf-8\"><\/script>\n<\/div><\/figure>\n<div class='share-to-whatsapp-wrapper'><div class='share-on-whsp'>Share on: <\/div><a data-text='Rafael Nadal tomar\u00e1 las riendas del equipo espa\u00f1ol en la Copa Davis 2024' data-link='https:\/\/portaltactica.com\/?p=87970' class='whatsapp-button whatsapp-share'>WhatsApp<\/a><div class='clear '><\/div><\/div>","protected":false},"excerpt":{"rendered":"<p>El tenista espa\u00f1ol\u00a0Rafael\u00a0Nadal\u00a0es la gran novedad en la lista de David Ferrer, capit\u00e1n de la\u00a0Copa Davis, para la &#8216;Final a 8&#8216;&hellip;<\/p>\n","protected":false},"author":2,"featured_media":87974,"comment_status":"closed","ping_status":"closed","sticky":false,"template":"","format":"standard","meta":{"advanced_seo_description":"","jetpack_seo_html_title":"","jetpack_seo_noindex":false,"_jetpack_memberships_contains_paid_content":false,"footnotes":"","jetpack_publicize_message":"","jetpack_publicize_feature_enabled":true,"jetpack_social_post_already_shared":false,"jetpack_social_options":{"image_generator_settings":{"template":"highway","default_image_id":0,"font":"","enabled":false},"version":2}},"categories":[1898],"tags":[],"class_list":["post-87970","post","type-post","status-publish","format-standard","has-post-thumbnail","hentry","category-destacado-internacional"],"jetpack_publicize_connections":[],"jetpack_featured_media_url":"https:\/\/portaltactica.com\/wp-content\/uploads\/2024\/09\/8-10.png","jetpack_sharing_enabled":true,"_links":{"self":[{"href":"https:\/\/portaltactica.com\/index.php?rest_route=\/wp\/v2\/posts\/87970","targetHints":{"allow":["GET"]}}],"collection":[{"href":"https:\/\/portaltactica.com\/index.php?rest_route=\/wp\/v2\/posts"}],"about":[{"href":"https:\/\/portaltactica.com\/index.php?rest_route=\/wp\/v2\/types\/post"}],"author":[{"embeddable":true,"href":"https:\/\/portaltactica.com\/index.php?rest_route=\/wp\/v2\/users\/2"}],"replies":[{"embeddable":true,"href":"https:\/\/portaltactica.com\/index.php?rest_route=%2Fwp%2Fv2%2Fcomments&post=87970"}],"version-history":[{"count":1,"href":"https:\/\/portaltactica.com\/index.php?rest_route=\/wp\/v2\/posts\/87970\/revisions"}],"predecessor-version":[{"id":87975,"href":"https:\/\/portaltactica.com\/index.php?rest_route=\/wp\/v2\/posts\/87970\/revisions\/87975"}],"wp:featuredmedia":[{"embeddable":true,"href":"https:\/\/portaltactica.com\/index.php?rest_route=\/wp\/v2\/media\/87974"}],"wp:attachment":[{"href":"https:\/\/portaltactica.com\/index.php?rest_route=%2Fwp%2Fv2%2Fmedia&parent=87970"}],"wp:term":[{"taxonomy":"category","embeddable":true,"href":"https:\/\/portaltactica.com\/index.php?rest_route=%2Fwp%2Fv2%2Fcategories&post=87970"},{"taxonomy":"post_tag","embeddable":true,"href":"https:\/\/portaltactica.com\/index.php?rest_route=%2Fwp%2Fv2%2Ftags&post=87970"}],"curies":[{"name":"wp","href":"https:\/\/api.w.org\/{rel}","templated":true}]}}