{"id":87967,"date":"2024-09-23T17:13:22","date_gmt":"2024-09-23T23:13:22","guid":{"rendered":"https:\/\/portaltactica.com\/?p=87967"},"modified":"2024-09-23T17:13:25","modified_gmt":"2024-09-23T23:13:25","slug":"medios-de-paises-bajos-aseguran-que-santiago-gimenez-estaria-considerando-dejar-el-feyenoord","status":"publish","type":"post","link":"https:\/\/portaltactica.com\/?p=87967","title":{"rendered":"Medios de Pa\u00edses Bajos aseguran que Santiago Gim\u00e9nez estar\u00eda considerando dejar el Feyenoord"},"content":{"rendered":"\n<p>Santiago Gim\u00e9nez, delantero del Feyenoord, ha pasado de vivir una temporada de ensue\u00f1o a comenzar a ser cuestionado por la directiva y los medios en Pa\u00edses Bajos, al grade de ser se\u00f1alado de no querer continuar en el equipo. <\/p>\n\n\n\n<p>Y es que, aunque ofertas como la del Nottingham Forest se fueron tan r\u00e1pido como llegaron, aparentemente por decisi\u00f3n completamente del mexicano, algunos periodistas en Europa ya aseguran que Santi no estar\u00eda feliz en la Eredivisie. <\/p>\n\n\n\n<p>\u00bfPor qu\u00e9 Santiago Gim\u00e9nez est\u00e1 siendo cuestionado? <\/p>\n\n\n\n<p>El ca\u00f3tico inicio de temporada del Feyenoord ha complicado que el Chaquito pueda brillar en el club, pues si bien tuvo una primera temporada impresionante, poco a poco ha dejado de marcar goles de manera recurrente y ha comenzado a ser criticado. <\/p>\n\n\n\n<p>En Champions League no ha pesado, pues durante el duelo ante el Bayer Leverkusen, en donde fueron humillados 4-0, Santi tampoco pes\u00f3. En liga se encuentran en quinto puesto, con la mitad de puntos que el l\u00edder, PSV Eindhoven, en donde milita moment\u00e1neamente el mexicano Hirving Lozano. <\/p>\n\n\n\n<p>Ahora, tras haber ganado el \u00faltimo juego en la Eredivisie, Santiago Gim\u00e9nez sali\u00f3 lesionado ante el NAC Breda. Esto ha provocado que muchos crean que el Bebote buscar\u00eda a toda costa salir del club al ya no sentirse c\u00f3modo ni arropado. <\/p>\n\n\n\n<p>En el podcast Studio Voetbal, Kees van Wonderen, entrenador de una amplia trayectoria en la liga de Pa\u00edses Bajos, se uni\u00f3 a las cr\u00edticas, diciendo lo siguiente sobre Santi: <\/p>\n\n\n\n<p>&#8220;La postura de Gim\u00e9nez me hace pensar: \u00bfTodav\u00eda est\u00e1 contento de estar en el Feyenoord? (Refleja) Una especie de actitud de insatisfacci\u00f3n, se queja un poco. Tiempo atr\u00e1s pod\u00eda haber ido a Inglaterra&#8221;. <\/p>\n<div class='share-to-whatsapp-wrapper'><div class='share-on-whsp'>Share on: <\/div><a data-text='Medios de Pa\u00edses Bajos aseguran que Santiago Gim\u00e9nez estar\u00eda considerando dejar el Feyenoord' data-link='https:\/\/portaltactica.com\/?p=87967' class='whatsapp-button whatsapp-share'>WhatsApp<\/a><div class='clear '><\/div><\/div>","protected":false},"excerpt":{"rendered":"<p>Santiago Gim\u00e9nez, delantero del Feyenoord, ha pasado de vivir una temporada de ensue\u00f1o a comenzar a ser cuestionado por la directiva&hellip;<\/p>\n","protected":false},"author":2,"featured_media":87968,"comment_status":"closed","ping_status":"closed","sticky":false,"template":"","format":"standard","meta":{"advanced_seo_description":"","jetpack_seo_html_title":"","jetpack_seo_noindex":false,"_jetpack_memberships_contains_paid_content":false,"footnotes":"","jetpack_publicize_message":"","jetpack_publicize_feature_enabled":true,"jetpack_social_post_already_shared":false,"jetpack_social_options":{"image_generator_settings":{"template":"highway","default_image_id":0,"font":"","enabled":false},"version":2}},"categories":[1898],"tags":[],"class_list":["post-87967","post","type-post","status-publish","format-standard","has-post-thumbnail","hentry","category-destacado-internacional"],"jetpack_publicize_connections":[],"jetpack_featured_media_url":"https:\/\/portaltactica.com\/wp-content\/uploads\/2024\/09\/7-13.jpg","jetpack_sharing_enabled":true,"_links":{"self":[{"href":"https:\/\/portaltactica.com\/index.php?rest_route=\/wp\/v2\/posts\/87967","targetHints":{"allow":["GET"]}}],"collection":[{"href":"https:\/\/portaltactica.com\/index.php?rest_route=\/wp\/v2\/posts"}],"about":[{"href":"https:\/\/portaltactica.com\/index.php?rest_route=\/wp\/v2\/types\/post"}],"author":[{"embeddable":true,"href":"https:\/\/portaltactica.com\/index.php?rest_route=\/wp\/v2\/users\/2"}],"replies":[{"embeddable":true,"href":"https:\/\/portaltactica.com\/index.php?rest_route=%2Fwp%2Fv2%2Fcomments&post=87967"}],"version-history":[{"count":1,"href":"https:\/\/portaltactica.com\/index.php?rest_route=\/wp\/v2\/posts\/87967\/revisions"}],"predecessor-version":[{"id":87969,"href":"https:\/\/portaltactica.com\/index.php?rest_route=\/wp\/v2\/posts\/87967\/revisions\/87969"}],"wp:featuredmedia":[{"embeddable":true,"href":"https:\/\/portaltactica.com\/index.php?rest_route=\/wp\/v2\/media\/87968"}],"wp:attachment":[{"href":"https:\/\/portaltactica.com\/index.php?rest_route=%2Fwp%2Fv2%2Fmedia&parent=87967"}],"wp:term":[{"taxonomy":"category","embeddable":true,"href":"https:\/\/portaltactica.com\/index.php?rest_route=%2Fwp%2Fv2%2Fcategories&post=87967"},{"taxonomy":"post_tag","embeddable":true,"href":"https:\/\/portaltactica.com\/index.php?rest_route=%2Fwp%2Fv2%2Ftags&post=87967"}],"curies":[{"name":"wp","href":"https:\/\/api.w.org\/{rel}","templated":true}]}}