{"id":87958,"date":"2024-09-23T14:17:11","date_gmt":"2024-09-23T20:17:11","guid":{"rendered":"https:\/\/portaltactica.com\/?p=87958"},"modified":"2024-09-23T14:17:13","modified_gmt":"2024-09-23T20:17:13","slug":"checo-perez-admite-haber-considerado-el-retiro-ha-sido-una-temporada-dificil","status":"publish","type":"post","link":"https:\/\/portaltactica.com\/?p=87958","title":{"rendered":"Checo P\u00e9rez admite haber considerado el retiro: &#8220;Ha sido una temporada dif\u00edcil&#8221;"},"content":{"rendered":"\n<p>La Temporada 2024 de la F\u00f3rmula 1 no ha sido la mejor para Sergio P\u00e9rez (Red Bull), pues tras llegar como subcampe\u00f3n del Mundial de Pilotos, los resultados no se le han dado al tapat\u00edo, el cual se ha visto obligado a abandonar varias carreras. <\/p>\n\n\n\n<p>Pese a que el pasado mes de junio\u00a0Red Bull\u00a0dio a conocer que hab\u00eda renovado al mexicano por otros dos a\u00f1os, los rumores sobre su posible salida del equipo austriaco no se han detenido, incluso se ha llegado a hablar sobre su posible retiro, tema que abord\u00f3 el azteca. <\/p>\n\n\n\n<p>\u00bfCheco P\u00e9rez pens\u00f3 en retirarse esta temporada de la F1?\u00a0 <\/p>\n\n\n\n<p>En entrevista con DAZN, el piloto mexicano fue cuestionado sobre si en alg\u00fan momento se le hab\u00eda pasado por la cabeza retirarse tras la presi\u00f3n que ha experimentado, pregunta a la que respondi\u00f3: <\/p>\n\n\n\n<p>\u201cEstos \u00faltimos seis meses lo llegu\u00e9 a pensar, pero tard\u00e9 tres segundos en tomar la decisi\u00f3n. Al final, ser\u00eda la ruta f\u00e1cil, despu\u00e9s de tantos a\u00f1os salir y de cierto modo darme por vencido. No me lo hubiera perdonado nunca. Quiero terminar mi carrera cuando yo quiera y no cuando alguien me diga\u201d. <\/p>\n\n\n\n<figure class=\"wp-block-embed is-type-rich is-provider-twitter wp-block-embed-twitter\"><div class=\"wp-block-embed__wrapper\">\n<blockquote class=\"twitter-tweet\" data-width=\"550\" data-dnt=\"true\"><p lang=\"es\" dir=\"ltr\">\u201c\u00bfEn alg\u00fan momento se te ha pasado por la cabeza retirarte? Dada presi\u00f3n que has tenido que aguantar.\u201d<br><br>Checo: \u201cEstos \u00faltimos seis meses lo llegu\u00e9 a pensar pero me tard\u00e9 3 segundos en tomar la decisi\u00f3n, porque ser\u00eda la ruta f\u00e1cil \u00bfno?<br><br>Despu\u00e9s de tantos a\u00f1os y darme por vencido,\u2026 <a href=\"https:\/\/t.co\/V3vQFXlHoo\">pic.twitter.com\/V3vQFXlHoo<\/a><\/p>&mdash; checo news (@scheconews) <a href=\"https:\/\/twitter.com\/scheconews\/status\/1837955301859119345?ref_src=twsrc%5Etfw\">September 22, 2024<\/a><\/blockquote><script async src=\"https:\/\/platform.twitter.com\/widgets.js\" charset=\"utf-8\"><\/script>\n<\/div><\/figure>\n\n\n\n<p>Checo P\u00e9rez revela lo dif\u00edcil que han sido los \u00faltimos meses en Red Bull\u00a0 <\/p>\n\n\n\n<p>En la misma charla, Checo P\u00e9rez\u00a0sorprendi\u00f3 con la respuesta que dio al ser preguntado sobre qu\u00e9 momento de su carrera cambiar\u00eda si pueda modificar el pasado. <\/p>\n\n\n\n<p>\u201cOlvidarme de estos \u00faltimos 6 meses&#8221;, respondi\u00f3 el mexicano, a lo que el entrevistador dijo: \u201c\u00bfTan duros han sido?\u201d, cuestionamiento al que afirm\u00f3 el tapat\u00edo. <\/p>\n\n\n\n<p>\u201cS\u00ed, la verdad que ha sido duro. Imag\u00ednate cuando tienes un coche tan limitante que llegas al fin de semana y sabes que no puedes hacer nada con \u00e9l y\u00a0 lo \u00fanico que est\u00e1s pensando es que en cualquier momento lo puedes chocar porque no tienes el control y luego la presi\u00f3n medi\u00e1tica que tiene Red Bull, todo el mundo juzg\u00e1ndote, creer que ya no eres tan bueno como antes\u201d. <\/p>\n\n\n\n<figure class=\"wp-block-embed is-type-rich is-provider-twitter wp-block-embed-twitter\"><div class=\"wp-block-embed__wrapper\">\n<blockquote class=\"twitter-tweet\" data-width=\"550\" data-dnt=\"true\"><p lang=\"es\" dir=\"ltr\">\u201cSi tuvieras el poder de cambiar el pasado, \u00bfqu\u00e9 momento de tu carrera profesional hubieras cambiado?\u201d<br><br>Checo: \u201cOlvidarme de estos \u00faltimos 6 meses.\u201d<br><br>Rold\u00e1n: \u201c\u00bfTan duros han sido?\u201d<br><br>Checo: \u201cS\u00ed, la verdad que ha sido duro. Imag\u00ednate cuando tienes un coche tan limitante que llegas\u2026 <a href=\"https:\/\/t.co\/h55eWM6lxY\">pic.twitter.com\/h55eWM6lxY<\/a><\/p>&mdash; checo news (@scheconews) <a href=\"https:\/\/twitter.com\/scheconews\/status\/1837937380046618679?ref_src=twsrc%5Etfw\">September 22, 2024<\/a><\/blockquote><script async src=\"https:\/\/platform.twitter.com\/widgets.js\" charset=\"utf-8\"><\/script>\n<\/div><\/figure>\n<div class='share-to-whatsapp-wrapper'><div class='share-on-whsp'>Share on: <\/div><a data-text='Checo P\u00e9rez admite haber considerado el retiro: \"Ha sido una temporada dif\u00edcil\"' data-link='https:\/\/portaltactica.com\/?p=87958' class='whatsapp-button whatsapp-share'>WhatsApp<\/a><div class='clear '><\/div><\/div>","protected":false},"excerpt":{"rendered":"<p>La Temporada 2024 de la F\u00f3rmula 1 no ha sido la mejor para Sergio P\u00e9rez (Red Bull), pues tras llegar como&hellip;<\/p>\n","protected":false},"author":2,"featured_media":87959,"comment_status":"closed","ping_status":"closed","sticky":false,"template":"","format":"standard","meta":{"advanced_seo_description":"","jetpack_seo_html_title":"","jetpack_seo_noindex":false,"_jetpack_memberships_contains_paid_content":false,"footnotes":"","jetpack_publicize_message":"","jetpack_publicize_feature_enabled":true,"jetpack_social_post_already_shared":false,"jetpack_social_options":{"image_generator_settings":{"template":"highway","default_image_id":0,"font":"","enabled":false},"version":2}},"categories":[1896],"tags":[],"class_list":["post-87958","post","type-post","status-publish","format-standard","has-post-thumbnail","hentry","category-destacado-portada"],"jetpack_publicize_connections":[],"jetpack_featured_media_url":"https:\/\/portaltactica.com\/wp-content\/uploads\/2024\/09\/4-4.jpg","jetpack_sharing_enabled":true,"_links":{"self":[{"href":"https:\/\/portaltactica.com\/index.php?rest_route=\/wp\/v2\/posts\/87958","targetHints":{"allow":["GET"]}}],"collection":[{"href":"https:\/\/portaltactica.com\/index.php?rest_route=\/wp\/v2\/posts"}],"about":[{"href":"https:\/\/portaltactica.com\/index.php?rest_route=\/wp\/v2\/types\/post"}],"author":[{"embeddable":true,"href":"https:\/\/portaltactica.com\/index.php?rest_route=\/wp\/v2\/users\/2"}],"replies":[{"embeddable":true,"href":"https:\/\/portaltactica.com\/index.php?rest_route=%2Fwp%2Fv2%2Fcomments&post=87958"}],"version-history":[{"count":1,"href":"https:\/\/portaltactica.com\/index.php?rest_route=\/wp\/v2\/posts\/87958\/revisions"}],"predecessor-version":[{"id":87960,"href":"https:\/\/portaltactica.com\/index.php?rest_route=\/wp\/v2\/posts\/87958\/revisions\/87960"}],"wp:featuredmedia":[{"embeddable":true,"href":"https:\/\/portaltactica.com\/index.php?rest_route=\/wp\/v2\/media\/87959"}],"wp:attachment":[{"href":"https:\/\/portaltactica.com\/index.php?rest_route=%2Fwp%2Fv2%2Fmedia&parent=87958"}],"wp:term":[{"taxonomy":"category","embeddable":true,"href":"https:\/\/portaltactica.com\/index.php?rest_route=%2Fwp%2Fv2%2Fcategories&post=87958"},{"taxonomy":"post_tag","embeddable":true,"href":"https:\/\/portaltactica.com\/index.php?rest_route=%2Fwp%2Fv2%2Ftags&post=87958"}],"curies":[{"name":"wp","href":"https:\/\/api.w.org\/{rel}","templated":true}]}}