{"id":87955,"date":"2024-09-23T14:09:17","date_gmt":"2024-09-23T20:09:17","guid":{"rendered":"https:\/\/portaltactica.com\/?p=87955"},"modified":"2024-09-23T14:09:19","modified_gmt":"2024-09-23T20:09:19","slug":"sin-marcha-atras-vucetich-no-contempla-volver-ni-a-rayados-ni-al-tri","status":"publish","type":"post","link":"https:\/\/portaltactica.com\/?p=87955","title":{"rendered":"\u00a1Sin marcha atr\u00e1s! Vucetich no contempla volver ni a Rayados ni al Tri"},"content":{"rendered":"\n<p>V\u00edctor Manuel Vucetich es el mejor t\u00e9cnico que ha tenido Rayados en su historia, el que m\u00e1s t\u00edtulos le ha entregado, con dos de Liga MX, un Interliga y tres de Concachampions; en su \u00faltima etapa con la Pandilla logr\u00f3 un r\u00e9cord de puntos, siendo superl\u00edder con 40, pero a\u00fan as\u00ed fue despedido por ser eliminado por Tigres en la Semifinal del Clausura 2023. <\/p>\n\n\n\n<p>Ante esto, Vuce confes\u00f3 que no volver\u00eda al Monterrey, a pesar que en esta ciudad vive su familia; pero no s\u00f3lo rechaza a los albiazules, la Selecci\u00f3n Mexicana tambi\u00e9n la tiene &#8220;vetada&#8221;. <\/p>\n\n\n\n<p>Y es que tampoco volver\u00eda con el Tri, quien le dio muy poco tiempo de trabajo al frente del representativo y lo corri\u00f3 tras un triunfo y un empate, pese a tener en puerta el partido de repechaje. <\/p>\n\n\n\n<p>\u00bfRayados o el Tri? <\/p>\n\n\n\n<p>Vuce respondi\u00f3 a un cuestionamiento r\u00e1pido de ABC Deportes y sin titubear asegur\u00f3 que no volver\u00eda a ninguno de los dos, aunque dependiera de \u00e9l. &#8220;Ninguna de las dos&#8221;, dijo tajante el Rey Midas, quien prefiere dejar esto en el pasado y dedicarse a lo que hoy tiene, que es Mazatl\u00e1n FC. <\/p>\n\n\n\n<p>Vucetich hab\u00eda hecho un trabajo espectacular con Rayados, sum\u00f3 40 puntos, lo cual era un r\u00e9cord, pero perdi\u00f3 el Cl\u00e1sico Regio y se le criticaron las formas, en el que no se mostr\u00f3 ofensivo, pero por poco y le funciona. Incluso, entre las preguntas respondi\u00f3 que es un t\u00e9cnico que prefiere &#8220;ser campe\u00f3n&#8221; por encima de &#8220;jugar bien&#8221;. <\/p>\n\n\n\n<p>Fueron 54 partidos los que estuvo al frente de La Pandilla, en los que tuvo 31 victorias, empat\u00f3 en 12 ocasiones y perdi\u00f3 solamente en 11 encuentros, adem\u00e1s de que en el \u00faltimo a\u00f1o futbol\u00edstico fue l\u00edder de puntos con 75 unidades. <\/p>\n\n\n\n<figure class=\"wp-block-embed is-type-rich is-provider-twitter wp-block-embed-twitter\"><div class=\"wp-block-embed__wrapper\">\n<blockquote class=\"twitter-tweet\" data-width=\"550\" data-dnt=\"true\"><p lang=\"es\" dir=\"ltr\">\ud83c\udf99\ufe0f <a href=\"https:\/\/twitter.com\/hashtag\/ENTREVISTA?src=hash&amp;ref_src=twsrc%5Etfw\">#ENTREVISTA<\/a> | \u00bfJUGAR BIEN O SER CAMPE\u00d3N?<br><br>V\u00edctor Manuel Vucetich respondi\u00f3 las &#39;rapiditas&#39; de <a href=\"https:\/\/twitter.com\/hashtag\/ABCDeportes?src=hash&amp;ref_src=twsrc%5Etfw\">#ABCDeportes<\/a>: \u00bfGignac o Funes Mori?, \u00bfregresar a Rayados o volver al Tri?, \u00bfRayados del 2010 o el Rayados del 2023? <a href=\"https:\/\/t.co\/n7GNraSpXP\">pic.twitter.com\/n7GNraSpXP<\/a><\/p>&mdash; ABC Deportes Mty (@abcdeportesmty) <a href=\"https:\/\/twitter.com\/abcdeportesmty\/status\/1837567472456655112?ref_src=twsrc%5Etfw\">September 21, 2024<\/a><\/blockquote><script async src=\"https:\/\/platform.twitter.com\/widgets.js\" charset=\"utf-8\"><\/script>\n<\/div><\/figure>\n\n\n\n<p>En el caso del Tri, en octubre 2013 tom\u00f3 el tim\u00f3n, luego del cese de Jos\u00e9 Manuel de la Torre, quien dej\u00f3 a M\u00e9xico al borde de la eliminaci\u00f3n previo a Brasil 2014. <\/p>\n\n\n\n<p>Vuce s\u00f3lo tuvo seis sesiones de trabajo y dos partidos, uno ante Panam\u00e1 que gan\u00f3 con golazo de Ra\u00fal Jim\u00e9nez y frente a Costa Rica, con el que perdi\u00f3 2-1 y durante nueve minutos estuvo fuera del Mundial, pero se combin\u00f3 un resultado que los dej\u00f3 con posibilidad en el repechaje, pero fue cesado antes de ese juego ante Nueva Zelanda. <\/p>\n<div class='share-to-whatsapp-wrapper'><div class='share-on-whsp'>Share on: <\/div><a data-text='\u00a1Sin marcha atr\u00e1s! Vucetich no contempla volver ni a Rayados ni al Tri' data-link='https:\/\/portaltactica.com\/?p=87955' class='whatsapp-button whatsapp-share'>WhatsApp<\/a><div class='clear '><\/div><\/div>","protected":false},"excerpt":{"rendered":"<p>V\u00edctor Manuel Vucetich es el mejor t\u00e9cnico que ha tenido Rayados en su historia, el que m\u00e1s t\u00edtulos le ha entregado,&hellip;<\/p>\n","protected":false},"author":2,"featured_media":87956,"comment_status":"closed","ping_status":"closed","sticky":false,"template":"","format":"standard","meta":{"advanced_seo_description":"","jetpack_seo_html_title":"","jetpack_seo_noindex":false,"_jetpack_memberships_contains_paid_content":false,"footnotes":"","jetpack_publicize_message":"","jetpack_publicize_feature_enabled":true,"jetpack_social_post_already_shared":false,"jetpack_social_options":{"image_generator_settings":{"template":"highway","default_image_id":0,"font":"","enabled":false},"version":2}},"categories":[1897],"tags":[],"class_list":["post-87955","post","type-post","status-publish","format-standard","has-post-thumbnail","hentry","category-destacado-nacional"],"jetpack_publicize_connections":[],"jetpack_featured_media_url":"https:\/\/portaltactica.com\/wp-content\/uploads\/2024\/09\/3-14.png","jetpack_sharing_enabled":true,"_links":{"self":[{"href":"https:\/\/portaltactica.com\/index.php?rest_route=\/wp\/v2\/posts\/87955","targetHints":{"allow":["GET"]}}],"collection":[{"href":"https:\/\/portaltactica.com\/index.php?rest_route=\/wp\/v2\/posts"}],"about":[{"href":"https:\/\/portaltactica.com\/index.php?rest_route=\/wp\/v2\/types\/post"}],"author":[{"embeddable":true,"href":"https:\/\/portaltactica.com\/index.php?rest_route=\/wp\/v2\/users\/2"}],"replies":[{"embeddable":true,"href":"https:\/\/portaltactica.com\/index.php?rest_route=%2Fwp%2Fv2%2Fcomments&post=87955"}],"version-history":[{"count":1,"href":"https:\/\/portaltactica.com\/index.php?rest_route=\/wp\/v2\/posts\/87955\/revisions"}],"predecessor-version":[{"id":87957,"href":"https:\/\/portaltactica.com\/index.php?rest_route=\/wp\/v2\/posts\/87955\/revisions\/87957"}],"wp:featuredmedia":[{"embeddable":true,"href":"https:\/\/portaltactica.com\/index.php?rest_route=\/wp\/v2\/media\/87956"}],"wp:attachment":[{"href":"https:\/\/portaltactica.com\/index.php?rest_route=%2Fwp%2Fv2%2Fmedia&parent=87955"}],"wp:term":[{"taxonomy":"category","embeddable":true,"href":"https:\/\/portaltactica.com\/index.php?rest_route=%2Fwp%2Fv2%2Fcategories&post=87955"},{"taxonomy":"post_tag","embeddable":true,"href":"https:\/\/portaltactica.com\/index.php?rest_route=%2Fwp%2Fv2%2Ftags&post=87955"}],"curies":[{"name":"wp","href":"https:\/\/api.w.org\/{rel}","templated":true}]}}