{"id":87952,"date":"2024-09-23T14:05:14","date_gmt":"2024-09-23T20:05:14","guid":{"rendered":"https:\/\/portaltactica.com\/?p=87952"},"modified":"2024-09-23T14:05:16","modified_gmt":"2024-09-23T20:05:16","slug":"aparatosa-lesion-dejaria-a-ter-stegen-fuera-de-las-canchas-por-tiempo-prolongado","status":"publish","type":"post","link":"https:\/\/portaltactica.com\/?p=87952","title":{"rendered":"Aparatosa lesi\u00f3n dejar\u00eda a Ter Stegen fuera de las canchas por tiempo prolongado"},"content":{"rendered":"\n<p>El portero del\u00a0<strong>Barcelona<\/strong>,\u00a0<strong>Marc-Andr\u00e9 ter Stegen<\/strong>, afronta la que ser\u00e1 una larga ausencia del terreno de juego, luego que su equipo inform\u00f3 que ya sabe que sufri\u00f3 una &#8220;rotura completa&#8221; del tend\u00f3n rotuliano de la rodilla derecha que, la cual,\u00a0<strong>requiri\u00f3 una cirug\u00eda.<\/strong><\/p>\n\n\n\n<p>Ter Stegen&nbsp;<strong>tuvo que salir del campo en camilla tras lesionarse<\/strong>&nbsp;en la victoria de 5-1 ante el Villarreal por LaLiga de Espa\u00f1a, partido que se celebr\u00f3 ayer domingo.<\/p>\n\n\n\n<p>La rodilla del arquero alem\u00e1n se dobl\u00f3 cuando hizo un mal apoyo al salir a cortar un centro al \u00e1rea poco antes del medio tiempo.<\/p>\n\n\n\n<p>El Barcelona dio a conocer que Ter Stegen ser\u00eda operado hoy lunes luego que las pruebas confirmaron que\u00a0<strong>&#8220;tiene una rotura completa del tend\u00f3n rotuliano de la rodilla derecha&#8221;.<\/strong><\/p>\n\n\n\n<p>&#8220;Al finalizar la intervenci\u00f3n se facilitar\u00e1 un nuevo parte m\u00e9dico&#8221;, a\u00f1adi\u00f3 el club,<\/p>\n\n\n\n<p>Ter Stegen se ha lesionado justo cuando acababa de ser confirmado como el arquero titular de la\u00a0<strong>Selecci\u00f3n de Alemania<\/strong>\u00a0tras varios a\u00f1os como el suplente de Manuel Neuer.<\/p>\n\n\n\n<p>Neuer se retir\u00f3 de la selecci\u00f3n tras la Eurocopa 2024 y el t\u00e9cnico Julian Nagelsmann anunci\u00f3 que Ter Stegen -con 42 partidos disputados con la selecci\u00f3n alemana, pero ninguno en un gran torneo- ser\u00e1 el titular. Sin embargo, apenas pudo atajar en dos partidos de la Liga de Naciones antes de la lesi\u00f3n.<\/p>\n\n\n\n<p>&#8220;La noticia de la lesi\u00f3n de Marc ha sido una gran conmoci\u00f3n para nosotros&#8221;, dijo Nagelsmann hoy lunes. &#8220;Le echaremos mucho de menos dentro y fuera del campo con la selecci\u00f3n. Le deseamos a Marc todo lo mejor para la operaci\u00f3n y una pronta recuperaci\u00f3n. Siempre estaremos a su lado en su regreso&#8221;.<\/p>\n\n\n\n<p>La m\u00e1s reciente convocatoria de Alemania incluy\u00f3 como arqueros suplentes a Alexander N\u00fcbel (Stuttgart) y Oliver Baumann (Hoffenheim). Ninguno ha disputado un partido con la selecci\u00f3n.<\/p>\n\n\n\n<p><strong>Horas m\u00e1s tarde, el guardameta fue intervenido &#8220;satisfactoriamente&#8221; este mismo d\u00eda, seg\u00fan informaron los servicios m\u00e9dicos del equipo.<\/strong><\/p>\n\n\n\n<h2 class=\"wp-block-heading\">Ter Stegen estar\u00e1 entre 8 meses y un a\u00f1o de baja, dice especialista<\/h2>\n\n\n\n<p>El traumat\u00f3logo del Instituto Cugat Roberto Seijas asegur\u00f3 a la agencia&nbsp;<em>EFE<\/em>&nbsp;que el portero Marc-Andr\u00e9 Ter Stegen&nbsp;<strong>estar\u00e1 entre ocho meses y un a\u00f1o de baja<\/strong>&nbsp;tras sufrir una rotura completa del tend\u00f3n rotuliano de la rodilla derecha, una lesi\u00f3n que calific\u00f3 de &#8220;muy grave&#8221;.<\/p>\n\n\n\n<p><strong>&#8220;Es una lesi\u00f3n muy grave, que necesita tiempo de recuperaci\u00f3n de la cirug\u00eda y de la cicatrizaci\u00f3n del tend\u00f3n, y despu\u00e9s un proceso de rehabilitaci\u00f3n muy largo para mover nuevamente la rodilla, coger fuerza muscular y recuperar el equilibrio sobre la rodilla lesionada&#8221;,<\/strong>\u00a0explic\u00f3 el especialista.<\/p>\n\n\n\n<p>Seijas expuso que el tiempo total de recuperaci\u00f3n para este tipo de lesiones suele ser de alrededor de ocho meses, aunque alert\u00f3 de que en el caso de los deportistas profesionales&nbsp;<strong>&#8220;incluso pueden llegar al a\u00f1o (de ausencia) hasta volver a jugar en nivel de competici\u00f3n&#8221;.<\/strong><\/p>\n\n\n\n<p>Sin embargo, el doctor destac\u00f3 que esta lesi\u00f3n&nbsp;<strong>no tiene &#8220;nada que ver&#8221; con las anteriores<\/strong>&nbsp;que el guardameta del Barcelona, de 32 a\u00f1os, ha sufrido en la rodilla derecha, puesto que se trata de &#8220;lesiones independientes&#8221;.<\/p>\n\n\n\n<p>En cambio, admiti\u00f3 que&nbsp;<strong>&#8220;la edad influye siempre&#8221;&nbsp;<\/strong>en el proceso de rehabilitaci\u00f3n, puesto que &#8220;los pacientes j\u00f3venes tienen una capacidad de recuperaci\u00f3n mucho m\u00e1s r\u00e1pida&#8221;. &#8220;Se recuperar\u00e1 seguramente igual, pero los ritmos de recuperaci\u00f3n pueden ser un poco m\u00e1s lentos. Rondar\u00e1 entre los ocho meses y el a\u00f1o&#8221;, subray\u00f3.<\/p>\n\n\n\n<p>El doctor asegur\u00f3 que las lesiones del tend\u00f3n rotuliano son &#8220;menos frecuentes&#8221; en los futbolistas que las de los ligamentos cruzados, pero destac\u00f3 que &#8220;la gravedad es similar&#8221;, y tambi\u00e9n aclar\u00f3 que el proceso de recuperaci\u00f3n en estos casos es &#8220;el mismo&#8221; sin importar que el afectado sea portero o jugador de campo.<\/p>\n\n\n\n<p>Finalmente, Seijas reivindic\u00f3 que hay m\u00e1s lesiones graves de rodilla porque hay\u00a0<strong>&#8220;una correlaci\u00f3n directa entre el n\u00famero de horas que entrenan y compiten los futbolistas, y la cantidad de lesiones&#8221;.<\/strong>\u00a0<strong>&#8220;Esto tiene que ver con la carta de partidos y el nivel de exigencia sobre los jugadores. Hay que buscar un equilibrio&#8221;,<\/strong>\u00a0a\u00f1adi\u00f3.<\/p>\n<div class='share-to-whatsapp-wrapper'><div class='share-on-whsp'>Share on: <\/div><a data-text='Aparatosa lesi\u00f3n dejar\u00eda a Ter Stegen fuera de las canchas por tiempo prolongado' data-link='https:\/\/portaltactica.com\/?p=87952' class='whatsapp-button whatsapp-share'>WhatsApp<\/a><div class='clear '><\/div><\/div>","protected":false},"excerpt":{"rendered":"<p>El portero del\u00a0Barcelona,\u00a0Marc-Andr\u00e9 ter Stegen, afronta la que ser\u00e1 una larga ausencia del terreno de juego, luego que su equipo inform\u00f3&hellip;<\/p>\n","protected":false},"author":2,"featured_media":87953,"comment_status":"closed","ping_status":"closed","sticky":false,"template":"","format":"standard","meta":{"advanced_seo_description":"","jetpack_seo_html_title":"","jetpack_seo_noindex":false,"_jetpack_memberships_contains_paid_content":false,"footnotes":"","jetpack_publicize_message":"","jetpack_publicize_feature_enabled":true,"jetpack_social_post_already_shared":false,"jetpack_social_options":{"image_generator_settings":{"template":"highway","default_image_id":0,"font":"","enabled":false},"version":2}},"categories":[1898],"tags":[],"class_list":["post-87952","post","type-post","status-publish","format-standard","has-post-thumbnail","hentry","category-destacado-internacional"],"jetpack_publicize_connections":[],"jetpack_featured_media_url":"https:\/\/portaltactica.com\/wp-content\/uploads\/2024\/09\/2-12.png","jetpack_sharing_enabled":true,"_links":{"self":[{"href":"https:\/\/portaltactica.com\/index.php?rest_route=\/wp\/v2\/posts\/87952","targetHints":{"allow":["GET"]}}],"collection":[{"href":"https:\/\/portaltactica.com\/index.php?rest_route=\/wp\/v2\/posts"}],"about":[{"href":"https:\/\/portaltactica.com\/index.php?rest_route=\/wp\/v2\/types\/post"}],"author":[{"embeddable":true,"href":"https:\/\/portaltactica.com\/index.php?rest_route=\/wp\/v2\/users\/2"}],"replies":[{"embeddable":true,"href":"https:\/\/portaltactica.com\/index.php?rest_route=%2Fwp%2Fv2%2Fcomments&post=87952"}],"version-history":[{"count":1,"href":"https:\/\/portaltactica.com\/index.php?rest_route=\/wp\/v2\/posts\/87952\/revisions"}],"predecessor-version":[{"id":87954,"href":"https:\/\/portaltactica.com\/index.php?rest_route=\/wp\/v2\/posts\/87952\/revisions\/87954"}],"wp:featuredmedia":[{"embeddable":true,"href":"https:\/\/portaltactica.com\/index.php?rest_route=\/wp\/v2\/media\/87953"}],"wp:attachment":[{"href":"https:\/\/portaltactica.com\/index.php?rest_route=%2Fwp%2Fv2%2Fmedia&parent=87952"}],"wp:term":[{"taxonomy":"category","embeddable":true,"href":"https:\/\/portaltactica.com\/index.php?rest_route=%2Fwp%2Fv2%2Fcategories&post=87952"},{"taxonomy":"post_tag","embeddable":true,"href":"https:\/\/portaltactica.com\/index.php?rest_route=%2Fwp%2Fv2%2Ftags&post=87952"}],"curies":[{"name":"wp","href":"https:\/\/api.w.org\/{rel}","templated":true}]}}