{"id":87745,"date":"2024-09-16T11:01:53","date_gmt":"2024-09-16T17:01:53","guid":{"rendered":"https:\/\/portaltactica.com\/?p=87745"},"modified":"2024-09-16T11:01:54","modified_gmt":"2024-09-16T17:01:54","slug":"dani-olmo-queda-fuera-del-barcelona-por-lesion-y-se-perdera-entre-4-y-5-semanas-de-juego","status":"publish","type":"post","link":"https:\/\/portaltactica.com\/?p=87745","title":{"rendered":"Dani Olmo queda fuera del Barcelona por lesi\u00f3n y se perder\u00e1 entre 4 y 5 semanas de juego"},"content":{"rendered":"\n<p>El\u00a0<strong>Barcelona<\/strong>\u00a0ha recibido un duro golpe tras la confirmaci\u00f3n de las pruebas m\u00e9dicas realizadas este lunes a\u00a0<strong>Dani Olmo<\/strong>.<\/p>\n\n\n\n<p>El jugador espa\u00f1ol tiene una lesi\u00f3n en el b\u00edceps femoral de su pierna derecha y estar\u00e1 fuera de actividad entre cuatro y cinco semanas, sufrida ante\u00a0<strong>Girona<\/strong>\u00a0y que tuvo que abandonar en el minuto 61.<\/p>\n\n\n\n<p>El espa\u00f1ol suma una lesi\u00f3n m\u00e1s a su carrera, el exjugador del Leipzig registra su lesi\u00f3n n\u00famero 19, y en 2024 es la quinta que sufre.<\/p>\n\n\n\n<p><strong>Olmo<\/strong>&nbsp;se perder\u00e1 varios partidos iniciando este jueves ante&nbsp;<strong>M\u00f3naco<\/strong>&nbsp;en el debut del&nbsp;<strong>Barcelona en la UEFA Champions League 2024-25<\/strong>.<\/p>\n\n\n\n<p>El campe\u00f3n de la Eurocopa 2024 no podr\u00e1 ver acci\u00f3n ante\u00a0<strong>Villarreal<\/strong>\u00a0de la Jornada 6 de LaLiga,\u00a0<strong>Getafe<\/strong>,\u00a0<strong>Osasuna<\/strong>,\u00a0<strong>Young Boys (Champions)<\/strong>,\u00a0<strong>Alav\u00e9s<\/strong>\u00a0y\u00a0<strong>Sevilla<\/strong>. Dani podr\u00eda estar disponible para el tercer partido de Liga de Campeones ante\u00a0<strong>Bayern M\u00fanich\u00a0<\/strong>del pr\u00f3ximo 23 de octubre o para el cl\u00e1sico ante<strong>\u00a0Real Madrid<\/strong>\u00a0cuatro d\u00edas despu\u00e9s.<\/p>\n\n\n\n<p>Dani Olmo tendr\u00e1 que recuparse para seguir con el buen paso Cul\u00e9\u00a0tras un arranque de ensue\u00f1o con el\u00a0<strong>Bar\u00e7a<\/strong>\u00a0donde lleva marca perfecta en\u00a0<strong>LaLiga<\/strong>, adem\u00e1s de registrar tres anotaciones, la \u00faltima ante Girona.<\/p>\n\n\n\n<p><\/p>\n\n\n\n<p style=\"font-size:10px\"><em>Fuente: R\u00c9CORD.<\/em><\/p>\n<div class='share-to-whatsapp-wrapper'><div class='share-on-whsp'>Share on: <\/div><a data-text='Dani Olmo queda fuera del Barcelona por lesi\u00f3n y se perder\u00e1 entre 4 y 5 semanas de juego' data-link='https:\/\/portaltactica.com\/?p=87745' class='whatsapp-button whatsapp-share'>WhatsApp<\/a><div class='clear '><\/div><\/div>","protected":false},"excerpt":{"rendered":"<p>El\u00a0Barcelona\u00a0ha recibido un duro golpe tras la confirmaci\u00f3n de las pruebas m\u00e9dicas realizadas este lunes a\u00a0Dani Olmo. El jugador espa\u00f1ol tiene&hellip;<\/p>\n","protected":false},"author":2,"featured_media":87746,"comment_status":"closed","ping_status":"closed","sticky":false,"template":"","format":"standard","meta":{"advanced_seo_description":"","jetpack_seo_html_title":"","jetpack_seo_noindex":false,"_jetpack_memberships_contains_paid_content":false,"footnotes":"","jetpack_publicize_message":"","jetpack_publicize_feature_enabled":true,"jetpack_social_post_already_shared":false,"jetpack_social_options":{"image_generator_settings":{"template":"highway","default_image_id":0,"font":"","enabled":false},"version":2}},"categories":[1898],"tags":[],"class_list":["post-87745","post","type-post","status-publish","format-standard","has-post-thumbnail","hentry","category-destacado-internacional"],"jetpack_publicize_connections":[],"jetpack_featured_media_url":"https:\/\/portaltactica.com\/wp-content\/uploads\/2024\/09\/4-8.png","jetpack_sharing_enabled":true,"_links":{"self":[{"href":"https:\/\/portaltactica.com\/index.php?rest_route=\/wp\/v2\/posts\/87745","targetHints":{"allow":["GET"]}}],"collection":[{"href":"https:\/\/portaltactica.com\/index.php?rest_route=\/wp\/v2\/posts"}],"about":[{"href":"https:\/\/portaltactica.com\/index.php?rest_route=\/wp\/v2\/types\/post"}],"author":[{"embeddable":true,"href":"https:\/\/portaltactica.com\/index.php?rest_route=\/wp\/v2\/users\/2"}],"replies":[{"embeddable":true,"href":"https:\/\/portaltactica.com\/index.php?rest_route=%2Fwp%2Fv2%2Fcomments&post=87745"}],"version-history":[{"count":1,"href":"https:\/\/portaltactica.com\/index.php?rest_route=\/wp\/v2\/posts\/87745\/revisions"}],"predecessor-version":[{"id":87747,"href":"https:\/\/portaltactica.com\/index.php?rest_route=\/wp\/v2\/posts\/87745\/revisions\/87747"}],"wp:featuredmedia":[{"embeddable":true,"href":"https:\/\/portaltactica.com\/index.php?rest_route=\/wp\/v2\/media\/87746"}],"wp:attachment":[{"href":"https:\/\/portaltactica.com\/index.php?rest_route=%2Fwp%2Fv2%2Fmedia&parent=87745"}],"wp:term":[{"taxonomy":"category","embeddable":true,"href":"https:\/\/portaltactica.com\/index.php?rest_route=%2Fwp%2Fv2%2Fcategories&post=87745"},{"taxonomy":"post_tag","embeddable":true,"href":"https:\/\/portaltactica.com\/index.php?rest_route=%2Fwp%2Fv2%2Ftags&post=87745"}],"curies":[{"name":"wp","href":"https:\/\/api.w.org\/{rel}","templated":true}]}}