{"id":86390,"date":"2024-08-03T10:53:59","date_gmt":"2024-08-03T16:53:59","guid":{"rendered":"https:\/\/portaltactica.com\/?p=86390"},"modified":"2024-08-03T10:54:01","modified_gmt":"2024-08-03T16:54:01","slug":"un-llanto-de-alegria-imane-khelif-celebra-su-pase-a-semifinales","status":"publish","type":"post","link":"https:\/\/portaltactica.com\/?p=86390","title":{"rendered":"Un llanto de alegr\u00eda: Imane Khelif celebra su pase a semifinales"},"content":{"rendered":"\n<p>Despu\u00e9s de la pol\u00e9mica que enfrent\u00f3 el pasado 1 de agosto contra\u00a0<strong>Angela Carini<\/strong>,\u00a0<strong>Imane Khelif<\/strong>\u00a0volvi\u00f3 al cuadril\u00e1tero para enfrentar a la h\u00fangara\u00a0<strong>Luca Anna Hamori,<\/strong>\u00a0a quien venci\u00f3 en los cuartos de final del boxeo ol\u00edmpico femenil.<\/p>\n\n\n\n<p>Motivada por una arena con aficionados en su mayor\u00eda argelinos, que se dieron cita para apoyarla,&nbsp;<strong>Khelif&nbsp;<\/strong>gan\u00f3 por decisi\u00f3n un\u00e1nime despu\u00e9s de tres rounds.<\/p>\n\n\n\n<p>La pugilista de 25 a\u00f1os fue la que propuso desde el primer asalto al propinar varios jabs que entraron directo al rostro de su contrincante.<\/p>\n\n\n\n<p>En el segundo episodio, la reyerta se vio ensuciada debido a que las boxeadoras se abrazaron en varias ocasiones para evitar ser golpeadas. Esto provoc\u00f3 que ambas cayeran sobre la lona un par de veces.<\/p>\n\n\n\n<p>A pesar de que&nbsp;<strong>Anna Hamori<\/strong>&nbsp;dio batalla al soltar combinaciones en el rostro y abdomen de&nbsp;<strong>Khelif<\/strong>, esta finalmente resisti\u00f3 para llevarse el triunfo.<\/p>\n\n\n\n<p>Al final de la pelea, Imane no contuvo las l\u00e1grimas, por lo que su equipo de trabajo de inmediato acudi\u00f3 para abrazarla. \u201cHe tenido que pelear m\u00e1s abajo del ring. Lo he hecho toda mi vida, estoy lista\u201d, declar\u00f3 ante los medios.<\/p>\n\n\n\n<figure class=\"wp-block-embed is-type-rich is-provider-twitter wp-block-embed-twitter\"><div class=\"wp-block-embed__wrapper\">\n<blockquote class=\"twitter-tweet\" data-width=\"550\" data-dnt=\"true\"><p lang=\"es\" dir=\"ltr\">\u00a1L\u00c1GRIMAS DE FELICIDAD POR SU VICTORIA!\ud83d\ude4f\ud83c\udffd<br><br>La boxeadora argelina Imane Khelif derrota por decisi\u00f3n un\u00e1nime a Luca Anna Hamori para avanzar a semifinales y asegurar medalla para su pa\u00eds<a href=\"https:\/\/twitter.com\/hashtag\/Par%C3%ADsEsTuyo?src=hash&amp;ref_src=twsrc%5Etfw\">#Par\u00edsEsTuyo<\/a> <a href=\"https:\/\/t.co\/uclRAJqs6v\">pic.twitter.com\/uclRAJqs6v<\/a><\/p>&mdash; Claro Sports (@ClaroSports) <a href=\"https:\/\/twitter.com\/ClaroSports\/status\/1819774269909323942?ref_src=twsrc%5Etfw\">August 3, 2024<\/a><\/blockquote><script async src=\"https:\/\/platform.twitter.com\/widgets.js\" charset=\"utf-8\"><\/script>\n<\/div><\/figure>\n\n\n\n<h2 class=\"wp-block-heading\">\u00bfCu\u00e1ndo vuelve a competir Imane Khelif?<\/h2>\n\n\n\n<p>De esta forma, la argelina se meti\u00f3 a la pelea por conquistar la medalla de oro ol\u00edmpica en&nbsp;<strong>Par\u00eds 2024<\/strong>. Ahora, enfrentar\u00e1 a&nbsp;<strong>Janjaem Suwannapheng, de Tailandia<\/strong>, el pr\u00f3ximo martes 6 de agosto en busca de llegar a la final.<\/p>\n\n\n\n<p>Es importante mencionar que&nbsp;<strong>Imane Khelif<\/strong>&nbsp;ha sido v\u00edctima de transfobia en los \u00faltimos d\u00edas, ya que se le ha cuestionada mucho su g\u00e9nero, puesto que en 2023, la&nbsp;<strong>Asociaci\u00f3n Internacional de Boxeo<\/strong>&nbsp;la descalific\u00f3 de sus competencias por presentar un nivel elevado de testosterona.<\/p>\n\n\n\n<p>Tras vencer a\u00a0<strong>Angela Carini<\/strong>\u00a0el pasado 1 de agosto,\u00a0<strong>Khelif<\/strong>\u00a0fue sumamente se\u00f1alada y muchos aficionados lamentaron que el\u00a0<strong>Comit\u00e9 Ol\u00edmpico Internacional<\/strong>\u00a0la haya incluido en la categor\u00eda femenil; sin embargo, es importante mencionar que la argelina ha sido identificada como una\u00a0<strong>persona intersexual<\/strong>, es decir, que naci\u00f3 con variaciones biol\u00f3gicas que no se ajustan espec\u00edficamente a las categor\u00edas de masculino o femenino.<\/p>\n<div class='share-to-whatsapp-wrapper'><div class='share-on-whsp'>Share on: <\/div><a data-text='Un llanto de alegr\u00eda: Imane Khelif celebra su pase a semifinales' data-link='https:\/\/portaltactica.com\/?p=86390' class='whatsapp-button whatsapp-share'>WhatsApp<\/a><div class='clear '><\/div><\/div>","protected":false},"excerpt":{"rendered":"<p>Despu\u00e9s de la pol\u00e9mica que enfrent\u00f3 el pasado 1 de agosto contra\u00a0Angela Carini,\u00a0Imane Khelif\u00a0volvi\u00f3 al cuadril\u00e1tero para enfrentar a la h\u00fangara\u00a0Luca&hellip;<\/p>\n","protected":false},"author":2,"featured_media":86391,"comment_status":"closed","ping_status":"closed","sticky":false,"template":"","format":"standard","meta":{"advanced_seo_description":"","jetpack_seo_html_title":"","jetpack_seo_noindex":false,"_jetpack_memberships_contains_paid_content":false,"footnotes":"","jetpack_publicize_message":"","jetpack_publicize_feature_enabled":true,"jetpack_social_post_already_shared":false,"jetpack_social_options":{"image_generator_settings":{"template":"highway","default_image_id":0,"font":"","enabled":false},"version":2}},"categories":[1898],"tags":[],"class_list":["post-86390","post","type-post","status-publish","format-standard","has-post-thumbnail","hentry","category-destacado-internacional"],"jetpack_publicize_connections":[],"jetpack_featured_media_url":"https:\/\/portaltactica.com\/wp-content\/uploads\/2024\/08\/3-1.jpg","jetpack_sharing_enabled":true,"_links":{"self":[{"href":"https:\/\/portaltactica.com\/index.php?rest_route=\/wp\/v2\/posts\/86390","targetHints":{"allow":["GET"]}}],"collection":[{"href":"https:\/\/portaltactica.com\/index.php?rest_route=\/wp\/v2\/posts"}],"about":[{"href":"https:\/\/portaltactica.com\/index.php?rest_route=\/wp\/v2\/types\/post"}],"author":[{"embeddable":true,"href":"https:\/\/portaltactica.com\/index.php?rest_route=\/wp\/v2\/users\/2"}],"replies":[{"embeddable":true,"href":"https:\/\/portaltactica.com\/index.php?rest_route=%2Fwp%2Fv2%2Fcomments&post=86390"}],"version-history":[{"count":1,"href":"https:\/\/portaltactica.com\/index.php?rest_route=\/wp\/v2\/posts\/86390\/revisions"}],"predecessor-version":[{"id":86392,"href":"https:\/\/portaltactica.com\/index.php?rest_route=\/wp\/v2\/posts\/86390\/revisions\/86392"}],"wp:featuredmedia":[{"embeddable":true,"href":"https:\/\/portaltactica.com\/index.php?rest_route=\/wp\/v2\/media\/86391"}],"wp:attachment":[{"href":"https:\/\/portaltactica.com\/index.php?rest_route=%2Fwp%2Fv2%2Fmedia&parent=86390"}],"wp:term":[{"taxonomy":"category","embeddable":true,"href":"https:\/\/portaltactica.com\/index.php?rest_route=%2Fwp%2Fv2%2Fcategories&post=86390"},{"taxonomy":"post_tag","embeddable":true,"href":"https:\/\/portaltactica.com\/index.php?rest_route=%2Fwp%2Fv2%2Ftags&post=86390"}],"curies":[{"name":"wp","href":"https:\/\/api.w.org\/{rel}","templated":true}]}}