{"id":86290,"date":"2024-07-31T10:52:25","date_gmt":"2024-07-31T16:52:25","guid":{"rendered":"https:\/\/portaltactica.com\/?p=86290"},"modified":"2024-07-31T10:52:27","modified_gmt":"2024-07-31T16:52:27","slug":"es-momento-de-hacer-algo-por-mi-pais-aguirre-explica-su-regreso-a-la-seleccion","status":"publish","type":"post","link":"https:\/\/portaltactica.com\/?p=86290","title":{"rendered":"&#8220;Es momento de hacer algo por mi pa\u00eds&#8221;: Aguirre explica su regreso a la Selecci\u00f3n"},"content":{"rendered":"\n<p><strong>Javier Aguirre<\/strong>\u00a0se convirti\u00f3 en nuevo entrenador de la\u00a0<strong>Selecci\u00f3n mexicana<\/strong>\u00a0para el\u00a0<strong>Mundial 2026<\/strong>\u00a0despu\u00e9s de un proceso fallido de\u00a0<strong>Jaime Lozano<\/strong>\u00a0tras no pasar de la fase de grupos en\u00a0<strong>Copa Am\u00e9rica<\/strong>.<\/p>\n\n\n\n<h2 class=\"wp-block-heading\">\u00bfPor qu\u00e9 decidi\u00f3 volver a Selecci\u00f3n?<\/h2>\n\n\n\n<p>Previo a su presentaci\u00f3n oficial ante los medios, que ser\u00e1 este 1 de agosto, el&nbsp;<strong>Vasco&nbsp;<\/strong>ya viaj\u00f3 a&nbsp;<strong>M\u00e9xico&nbsp;<\/strong>desde el&nbsp;<strong>Aeropuerto Adolfo Su\u00e1rez Madrid-Barajas<\/strong>&nbsp;y en entrevista para los canales oficiales del&nbsp;<strong>combinado azteca<\/strong>, explic\u00f3 que el principal motivo para aceptar este reto se debe a que quiere regresarse algo a nuestro pa\u00eds.<\/p>\n\n\n\n<p>\u201cSiento que es momento, despu\u00e9s de 22 a\u00f1os andando vueltas por ah\u00ed, de volver a mi pa\u00eds y de hacer algo por \u00e9l. Llego en un buen momento an\u00edmico y f\u00edsico, con un buen bagaje para aportar y sumarme a este proyecto de Selecci\u00f3n para el Mundial en M\u00e9xico\u201d, mencion\u00f3.<\/p>\n\n\n\n<p>Asimismo, el&nbsp;<strong>ext\u00e9cnico del Mallorca<\/strong>&nbsp;habl\u00f3 sobre el descontento de la afici\u00f3n mexicana por los malos resultados, asegurando que, independientemente de los torneos que se disputen previo al&nbsp;<strong>Mundial 2026<\/strong>, el \u00fanico resultado que importar\u00e1 ser\u00e1 el de la justa.<\/p>\n\n\n\n<p>\u201cYo siento que se han olvidado un poco de los m\u00e9todos o los procesos en af\u00e1n de buscar solamente resultados; se ha vuelto un poco resultadista y se ha dejado de lado. Pienso que debemos intentar que el m\u00e9todo de trabajo sea transparente, visible y tratar de transmitir a la gente paciencia para empezar este proceso que culmine en 2026 con un resultado, que ah\u00ed s\u00ed es el resultado, no antes. Entiendo que hay Nations, Copa Oro, entiendo las exigencias, los partidos de preparaci\u00f3n, son importantes, pero precisamente son eso, prepararnos para la fiesta grande\u201d, sentenci\u00f3.<\/p>\n\n\n\n<p>Es importante mencionar que\u00a0<strong>Javier Aguirre<\/strong>\u00a0tendr\u00e1 su tercer proceso con la\u00a0<strong>Selecci\u00f3n mexicana<\/strong>, pues cabe recordar que ya dirigi\u00f3 en los Mundiales del 2002 y 2006, donde\u00a0<strong>Rafa M\u00e1rquez<\/strong>\u00a0fungi\u00f3 como capit\u00e1n. Ahora, el\u00a0<em><strong>K\u00e1iser\u00a0<\/strong><\/em>ser\u00e1 su auxiliar t\u00e9cnico para despu\u00e9s tomar las riendas del equipo en el proceso del 2030.<\/p>\n\n\n\n<figure class=\"wp-block-embed is-type-rich is-provider-twitter wp-block-embed-twitter\"><div class=\"wp-block-embed__wrapper\">\n<blockquote class=\"twitter-tweet\" data-width=\"550\" data-dnt=\"true\"><p lang=\"es\" dir=\"ltr\">\u201cSiento que es momento de volver a mi pa\u00eds y hacer algo por \u00e9l\u201d\u2026 \ud83d\udde3\ufe0f\ud83c\udf99\ufe0f<br><br>Las primeras palabras de Javier Aguirre como Director T\u00e9cnico de la Selecci\u00f3n Nacional de M\u00e9xico. <a href=\"https:\/\/t.co\/XM0EstGxub\">pic.twitter.com\/XM0EstGxub<\/a><\/p>&mdash; Selecci\u00f3n Nacional (@miseleccionmx) <a href=\"https:\/\/twitter.com\/miseleccionmx\/status\/1818481863687549200?ref_src=twsrc%5Etfw\">July 31, 2024<\/a><\/blockquote><script async src=\"https:\/\/platform.twitter.com\/widgets.js\" charset=\"utf-8\"><\/script>\n<\/div><\/figure>\n<div class='share-to-whatsapp-wrapper'><div class='share-on-whsp'>Share on: <\/div><a data-text='\"Es momento de hacer algo por mi pa\u00eds\": Aguirre explica su regreso a la Selecci\u00f3n' data-link='https:\/\/portaltactica.com\/?p=86290' class='whatsapp-button whatsapp-share'>WhatsApp<\/a><div class='clear '><\/div><\/div>","protected":false},"excerpt":{"rendered":"<p>Javier Aguirre\u00a0se convirti\u00f3 en nuevo entrenador de la\u00a0Selecci\u00f3n mexicana\u00a0para el\u00a0Mundial 2026\u00a0despu\u00e9s de un proceso fallido de\u00a0Jaime Lozano\u00a0tras no pasar de la&hellip;<\/p>\n","protected":false},"author":2,"featured_media":86291,"comment_status":"closed","ping_status":"closed","sticky":false,"template":"","format":"standard","meta":{"advanced_seo_description":"","jetpack_seo_html_title":"","jetpack_seo_noindex":false,"_jetpack_memberships_contains_paid_content":false,"footnotes":"","jetpack_publicize_message":"","jetpack_publicize_feature_enabled":true,"jetpack_social_post_already_shared":false,"jetpack_social_options":{"image_generator_settings":{"template":"highway","default_image_id":0,"font":"","enabled":false},"version":2}},"categories":[7],"tags":[],"class_list":["post-86290","post","type-post","status-publish","format-standard","has-post-thumbnail","hentry","category-nacional"],"jetpack_publicize_connections":[],"jetpack_featured_media_url":"https:\/\/portaltactica.com\/wp-content\/uploads\/2024\/07\/5.jpeg","jetpack_sharing_enabled":true,"_links":{"self":[{"href":"https:\/\/portaltactica.com\/index.php?rest_route=\/wp\/v2\/posts\/86290","targetHints":{"allow":["GET"]}}],"collection":[{"href":"https:\/\/portaltactica.com\/index.php?rest_route=\/wp\/v2\/posts"}],"about":[{"href":"https:\/\/portaltactica.com\/index.php?rest_route=\/wp\/v2\/types\/post"}],"author":[{"embeddable":true,"href":"https:\/\/portaltactica.com\/index.php?rest_route=\/wp\/v2\/users\/2"}],"replies":[{"embeddable":true,"href":"https:\/\/portaltactica.com\/index.php?rest_route=%2Fwp%2Fv2%2Fcomments&post=86290"}],"version-history":[{"count":1,"href":"https:\/\/portaltactica.com\/index.php?rest_route=\/wp\/v2\/posts\/86290\/revisions"}],"predecessor-version":[{"id":86292,"href":"https:\/\/portaltactica.com\/index.php?rest_route=\/wp\/v2\/posts\/86290\/revisions\/86292"}],"wp:featuredmedia":[{"embeddable":true,"href":"https:\/\/portaltactica.com\/index.php?rest_route=\/wp\/v2\/media\/86291"}],"wp:attachment":[{"href":"https:\/\/portaltactica.com\/index.php?rest_route=%2Fwp%2Fv2%2Fmedia&parent=86290"}],"wp:term":[{"taxonomy":"category","embeddable":true,"href":"https:\/\/portaltactica.com\/index.php?rest_route=%2Fwp%2Fv2%2Fcategories&post=86290"},{"taxonomy":"post_tag","embeddable":true,"href":"https:\/\/portaltactica.com\/index.php?rest_route=%2Fwp%2Fv2%2Ftags&post=86290"}],"curies":[{"name":"wp","href":"https:\/\/api.w.org\/{rel}","templated":true}]}}