{"id":85845,"date":"2024-07-18T12:20:57","date_gmt":"2024-07-18T18:20:57","guid":{"rendered":"https:\/\/portaltactica.com\/?p=85845"},"modified":"2024-07-18T12:20:59","modified_gmt":"2024-07-18T18:20:59","slug":"sueno-mundialista-en-marcha-espana-presenta-sus-11-sedes-candidatas-para-el-mundial-2030","status":"publish","type":"post","link":"https:\/\/portaltactica.com\/?p=85845","title":{"rendered":"Sue\u00f1o mundialista en marcha: Espa\u00f1a presenta sus 11 sedes candidatas para el Mundial 2030"},"content":{"rendered":"\n<p><strong>Espa\u00f1a<\/strong>\u00a0ha fijado las once sedes que integrar\u00e1n su propuesta para el\u00a0<strong>Mundial 2030\u00a0<\/strong>junto a\u00a0<strong>Marruecos<\/strong>\u00a0y\u00a0<strong>Portugal<\/strong>. La fecha l\u00edmite para la presentaci\u00f3n del proyecto ante la\u00a0<strong>FIFA<\/strong>\u00a0es el 31 de julio. Inicialmente consideradas trece sedes, incluyendo Vigo y Valencia, la propuesta ha sido ajustada a once estadios.<\/p>\n\n\n\n<p>Tras una reuni\u00f3n en Agadir, se decidi\u00f3 que el estadio&nbsp;<strong>Santiago Bernab\u00e9u<\/strong>&nbsp;ser\u00e1 la sede de la Final de esta&nbsp;<strong>Copa del Mundo<\/strong>, cumpliendo con los deseos de la&nbsp;<strong>FIFA<\/strong>.&nbsp;<\/p>\n\n\n\n<p>De acuerdo con Marca, el Consejo Superior de Deportes propuso\u00a0<strong>Vigo<\/strong>\u00a0como la duod\u00e9cima sede, y la Federaci\u00f3n continu\u00f3 abogando por\u00a0<strong>Valencia<\/strong>\u00a0como la decimotercera, pero no se aseguraron los requisitos necesarios por parte de los pol\u00edticos.<\/p>\n\n\n\n<p>La decisi\u00f3n final incluye dos sedes en&nbsp;<strong>Madrid<\/strong>, dos en&nbsp;<strong>Barcelona<\/strong>, y una en&nbsp;<strong>Bilbao<\/strong>,&nbsp;<strong>San Sebasti\u00e1n<\/strong>,<strong>&nbsp;La Coru\u00f1a<\/strong>,&nbsp;<strong>Zaragoza<\/strong>,&nbsp;<strong>Sevilla<\/strong>,&nbsp;<strong>M\u00e1laga<\/strong>&nbsp;y&nbsp;<strong>Gran Canaria<\/strong>.&nbsp;<\/p>\n\n\n\n<p>Los estadios como el\u00a0<strong>Bernab\u00e9u<\/strong>, el\u00a0<strong>Metropolitano<\/strong>,\u00a0<strong>Cornell\u00e0-El Prat<\/strong>,\u00a0<strong>San Mam\u00e9s<\/strong>\u00a0y el\u00a0<strong>Reale Arena<\/strong>\u00a0est\u00e1n casi listos para la ocasi\u00f3n, mientras que el nuevo\u00a0<strong>Camp Nou<\/strong>\u00a0est\u00e1 en construcci\u00f3n.\u00a0<\/p>\n\n\n\n<p><strong>La Romareda<\/strong>&nbsp;comenzar\u00e1 su edificaci\u00f3n, y estadios como&nbsp;<strong>Riazor<\/strong>,&nbsp;<strong>La Cartuja<\/strong>,&nbsp;<strong>La Rosaleda<\/strong>&nbsp;y&nbsp;<strong>Gran Canaria<\/strong>&nbsp;deber\u00e1n hacer ajustes para cumplir con los requisitos de la&nbsp;<strong>FIFA<\/strong>.<\/p>\n\n\n\n<p>El Bid Book, la propuesta del proyecto, debe ser presentado el 31 de julio para la aprobaci\u00f3n final por parte de la\u00a0<strong>FIFA<\/strong>.<\/p>\n\n\n\n<h2 class=\"wp-block-heading\"><strong>SEDES ESPA\u00d1OLAS PARA EL MUNDIAL 2030<\/strong><\/h2>\n\n\n\n<p>Santiago Bernab\u00e9u &#8211; Madrid<\/p>\n\n\n\n<p>Metropolitano &#8211; Madrid<\/p>\n\n\n\n<p>Camp Nou &#8211; Barcelona<\/p>\n\n\n\n<p>RCDE Stadium &#8211; Barcelona<\/p>\n\n\n\n<p>La Cartuja &#8211; Sevilla<\/p>\n\n\n\n<p>La Rosaleda &#8211; M\u00e1laga<\/p>\n\n\n\n<p>San Mam\u00e9s &#8211; Bilbao<\/p>\n\n\n\n<p>Reale Arena &#8211; San Sebasti\u00e1n&nbsp;<\/p>\n\n\n\n<p>Riazor &#8211; La Coru\u00f1a<\/p>\n\n\n\n<p>La Romareda &#8211; Zaragoza<\/p>\n\n\n\n<p>Gran Canaria &#8211; Las Palmas<\/p>\n<div class='share-to-whatsapp-wrapper'><div class='share-on-whsp'>Share on: <\/div><a data-text='Sue\u00f1o mundialista en marcha: Espa\u00f1a presenta sus 11 sedes candidatas para el Mundial 2030' data-link='https:\/\/portaltactica.com\/?p=85845' class='whatsapp-button whatsapp-share'>WhatsApp<\/a><div class='clear '><\/div><\/div>","protected":false},"excerpt":{"rendered":"<p>Espa\u00f1a\u00a0ha fijado las once sedes que integrar\u00e1n su propuesta para el\u00a0Mundial 2030\u00a0junto a\u00a0Marruecos\u00a0y\u00a0Portugal. La fecha l\u00edmite para la presentaci\u00f3n del proyecto&hellip;<\/p>\n","protected":false},"author":2,"featured_media":85846,"comment_status":"closed","ping_status":"closed","sticky":false,"template":"","format":"standard","meta":{"advanced_seo_description":"","jetpack_seo_html_title":"","jetpack_seo_noindex":false,"_jetpack_memberships_contains_paid_content":false,"footnotes":"","jetpack_publicize_message":"","jetpack_publicize_feature_enabled":true,"jetpack_social_post_already_shared":false,"jetpack_social_options":{"image_generator_settings":{"template":"highway","default_image_id":0,"font":"","enabled":false},"version":2}},"categories":[6],"tags":[],"class_list":["post-85845","post","type-post","status-publish","format-standard","has-post-thumbnail","hentry","category-internacional"],"jetpack_publicize_connections":[],"jetpack_featured_media_url":"https:\/\/portaltactica.com\/wp-content\/uploads\/2024\/07\/8-8.png","jetpack_sharing_enabled":true,"_links":{"self":[{"href":"https:\/\/portaltactica.com\/index.php?rest_route=\/wp\/v2\/posts\/85845","targetHints":{"allow":["GET"]}}],"collection":[{"href":"https:\/\/portaltactica.com\/index.php?rest_route=\/wp\/v2\/posts"}],"about":[{"href":"https:\/\/portaltactica.com\/index.php?rest_route=\/wp\/v2\/types\/post"}],"author":[{"embeddable":true,"href":"https:\/\/portaltactica.com\/index.php?rest_route=\/wp\/v2\/users\/2"}],"replies":[{"embeddable":true,"href":"https:\/\/portaltactica.com\/index.php?rest_route=%2Fwp%2Fv2%2Fcomments&post=85845"}],"version-history":[{"count":1,"href":"https:\/\/portaltactica.com\/index.php?rest_route=\/wp\/v2\/posts\/85845\/revisions"}],"predecessor-version":[{"id":85847,"href":"https:\/\/portaltactica.com\/index.php?rest_route=\/wp\/v2\/posts\/85845\/revisions\/85847"}],"wp:featuredmedia":[{"embeddable":true,"href":"https:\/\/portaltactica.com\/index.php?rest_route=\/wp\/v2\/media\/85846"}],"wp:attachment":[{"href":"https:\/\/portaltactica.com\/index.php?rest_route=%2Fwp%2Fv2%2Fmedia&parent=85845"}],"wp:term":[{"taxonomy":"category","embeddable":true,"href":"https:\/\/portaltactica.com\/index.php?rest_route=%2Fwp%2Fv2%2Fcategories&post=85845"},{"taxonomy":"post_tag","embeddable":true,"href":"https:\/\/portaltactica.com\/index.php?rest_route=%2Fwp%2Fv2%2Ftags&post=85845"}],"curies":[{"name":"wp","href":"https:\/\/api.w.org\/{rel}","templated":true}]}}