{"id":85047,"date":"2024-06-25T19:28:50","date_gmt":"2024-06-26T01:28:50","guid":{"rendered":"https:\/\/portaltactica.com\/?p=85047"},"modified":"2024-06-25T19:28:50","modified_gmt":"2024-06-26T01:28:50","slug":"llega-copa-perla-del-pacifico-de-karate-a-mazatlan","status":"publish","type":"post","link":"https:\/\/portaltactica.com\/?p=85047","title":{"rendered":"Llega Copa Perla del Pac\u00edfico de Karate a Mazatl\u00e1n"},"content":{"rendered":"\n<p><br>Se espera la participaci\u00f3n de m\u00e1s de 100 competidores de Sinaloa y Durango en el torneo que tendr\u00e1 como sede la Secundaria Leyes de Reforma, el pr\u00f3ximo 7 de julio.<br><br><br>Mazatl\u00e1n, Sinaloa a 25 de junio de 2024.- La Primera Copa Perla del Pac\u00edfico de Karate se llevar\u00e1 a cabo el domingo 7 de julio, a partir de las 7:00 horas, en la&nbsp; Escuela Secundaria General N\u00famero 2 &#8220;Leyes de Reforma&#8221;, con el objetivo de fomentar el aprendizaje en dicha disciplina.<br><br>Miguel Silva Rueda, organizador del evento, agradeci\u00f3 el apoyo del Instituto Municipal del Deporte de Mazatl\u00e1n, que encabeza Fabiola Judith Verde Rosas, para el encuentro deportivo al que se espera una participaci\u00f3n de m\u00e1s de 100 competidores de diferentes municipios de Sinaloa y Durango.<br><br>&#8220;Una gran iniciativa, con un enfoque totalmente formativo, que es algo que buscamos mucho en el Imdem, por eso hoy nos acompa\u00f1an nuestros coordinadores, que tienen muy presente ese gran compromiso de desarrollar atletas y formar grandes personas&#8221;, expres\u00f3 Verde Rosas.<br><br>La copa tendr\u00e1 competencias en las modalidades de kumite y kata, con categor\u00edas desde 6 a\u00f1os de edad hasta la categor\u00eda Super M\u00e1ster, con medallas para los tres primeros lugares y la rifa de un uniforme de karate competitivo.<br><br>Gina Hubbard Valdez, directora del plantel educativo, abri\u00f3 las puertas de la escuela sede para la realizaci\u00f3n del certamen, con el fin de apoyar el deporte, la disciplina y la vida saludable en ni\u00f1os y j\u00f3venes.<br><br>Los interesados en inscribirse pueden comunicarse con Miguel Silva, al tel\u00e9fono 6691 08 12 48, quien les proporcionar\u00e1 la convocatoria completa y los requisitos para ser parte del torneo.<\/p>\n<div class='share-to-whatsapp-wrapper'><div class='share-on-whsp'>Share on: <\/div><a data-text='Llega Copa Perla del Pac\u00edfico de Karate a Mazatl\u00e1n' data-link='https:\/\/portaltactica.com\/?p=85047' class='whatsapp-button whatsapp-share'>WhatsApp<\/a><div class='clear '><\/div><\/div>","protected":false},"excerpt":{"rendered":"<p>Se espera la participaci\u00f3n de m\u00e1s de 100 competidores de Sinaloa y Durango en el torneo que tendr\u00e1 como sede la&hellip;<\/p>\n","protected":false},"author":1,"featured_media":85046,"comment_status":"closed","ping_status":"","sticky":false,"template":"","format":"standard","meta":{"advanced_seo_description":"","jetpack_seo_html_title":"","jetpack_seo_noindex":false,"_jetpack_memberships_contains_paid_content":false,"footnotes":"","jetpack_publicize_message":"","jetpack_publicize_feature_enabled":true,"jetpack_social_post_already_shared":false,"jetpack_social_options":{"image_generator_settings":{"template":"highway","default_image_id":0,"font":"","enabled":false},"version":2}},"categories":[10],"tags":[37],"class_list":["post-85047","post","type-post","status-publish","format-standard","has-post-thumbnail","hentry","category-mazatlan","tag-imdem"],"jetpack_publicize_connections":[],"jetpack_featured_media_url":"https:\/\/portaltactica.com\/wp-content\/uploads\/2024\/06\/IMG-20240625-WA0161.jpg","jetpack_sharing_enabled":true,"_links":{"self":[{"href":"https:\/\/portaltactica.com\/index.php?rest_route=\/wp\/v2\/posts\/85047","targetHints":{"allow":["GET"]}}],"collection":[{"href":"https:\/\/portaltactica.com\/index.php?rest_route=\/wp\/v2\/posts"}],"about":[{"href":"https:\/\/portaltactica.com\/index.php?rest_route=\/wp\/v2\/types\/post"}],"author":[{"embeddable":true,"href":"https:\/\/portaltactica.com\/index.php?rest_route=\/wp\/v2\/users\/1"}],"replies":[{"embeddable":true,"href":"https:\/\/portaltactica.com\/index.php?rest_route=%2Fwp%2Fv2%2Fcomments&post=85047"}],"version-history":[{"count":1,"href":"https:\/\/portaltactica.com\/index.php?rest_route=\/wp\/v2\/posts\/85047\/revisions"}],"predecessor-version":[{"id":85048,"href":"https:\/\/portaltactica.com\/index.php?rest_route=\/wp\/v2\/posts\/85047\/revisions\/85048"}],"wp:featuredmedia":[{"embeddable":true,"href":"https:\/\/portaltactica.com\/index.php?rest_route=\/wp\/v2\/media\/85046"}],"wp:attachment":[{"href":"https:\/\/portaltactica.com\/index.php?rest_route=%2Fwp%2Fv2%2Fmedia&parent=85047"}],"wp:term":[{"taxonomy":"category","embeddable":true,"href":"https:\/\/portaltactica.com\/index.php?rest_route=%2Fwp%2Fv2%2Fcategories&post=85047"},{"taxonomy":"post_tag","embeddable":true,"href":"https:\/\/portaltactica.com\/index.php?rest_route=%2Fwp%2Fv2%2Ftags&post=85047"}],"curies":[{"name":"wp","href":"https:\/\/api.w.org\/{rel}","templated":true}]}}