{"id":83440,"date":"2024-05-09T14:50:30","date_gmt":"2024-05-09T20:50:30","guid":{"rendered":"https:\/\/portaltactica.com\/?p=83440"},"modified":"2024-05-09T14:50:31","modified_gmt":"2024-05-09T20:50:31","slug":"duenos-de-palcos-del-azteca-siguen-en-su-postura-de-no-cederlos-para-el-mundial-2026-como-lo-tenia-previsto-la-fifa","status":"publish","type":"post","link":"https:\/\/portaltactica.com\/?p=83440","title":{"rendered":"Due\u00f1os de palcos del Azteca siguen en su postura de no cederlos para el Mundial 2026 como lo ten\u00eda previsto la FIFA"},"content":{"rendered":"\n<p>R<strong>oberto Ruano<\/strong>\u00a0es propietario de un lujoso palco en el\u00a0<strong>Estadio Azteca<\/strong>\u00a0de la Ciudad de M\u00e9xico donde \u00e9l y su familia pueden ver partidos de futbol y otros eventos con privacidad y comodidad. No planea renunciar a eso para la Copa del Mundo de 2026.<\/p>\n\n\n\n<p>Cuando el estadio sea entregado a la FIFA para el torneo, que tendr\u00e1 Estados Unidos, Canad\u00e1 y M\u00e9xico como coorganizadores, espera que el ente rector del futbol mundial&nbsp;<strong>respete un acuerdo que data de la construcci\u00f3n del estadio hace seis d\u00e9cadas<\/strong>&nbsp;y que brinda a los propietarios de palcos acceso ilimitado a sus asientos por&nbsp;<strong>99 a\u00f1os<\/strong>.<\/p>\n\n\n\n<p>\u201c<strong>Ya pagamos el derecho a estar all\u00ed\u00a0<\/strong>cuando compramos el t\u00edtulo y no puede haber restricciones para nosotros\u201d, afirm\u00f3 Ruano, de 61 a\u00f1os, que tambi\u00e9n es portavoz y secretario de una asociaci\u00f3n de\u00a0<strong>134 propietarios de palcos<\/strong>. \u201cTenemos un t\u00edtulo que nos respalda.\u00a0<strong>No es tema de debate<\/strong>\u201d.<\/p>\n\n\n\n<p><strong>La FIFA quiere el control total de los estadios del Mundial 30 d\u00edas antes del primer partido&nbsp;<\/strong>y siete d\u00edas despu\u00e9s del \u00faltimo. Pero la peculiar historia de c\u00f3mo se compraban los palcos en el Azteca complica las cosas.<\/p>\n\n\n\n<p>Para ayudar a financiar la construcci\u00f3n del estadio en la d\u00e9cada de<strong>&nbsp;1960,<\/strong>&nbsp;el empresario mexicano Emilio Azc\u00e1rraga Milmo vendi\u00f3 palcos a inversionistas privados por 115,000 pesos, o alrededor de 9,000 d\u00f3lares en ese momento,&nbsp;<strong>otorgando a los propietarios derechos de uso durante 99 a\u00f1os<\/strong>. Eso inclu\u00eda acceso a partidos de futbol, conciertos y otros eventos, incluidas las Copas Mundiales de M\u00e9xico de 1970 y 1986, relat\u00f3 Ruano.<\/p>\n\n\n\n<p>\u201cNo hubo problemas en 1970. Para el Mundial de 1986 nos quer\u00edan fuera y nos reunimos con funcionarios de la FIFA, y nos permitieron usar nuestro lugar sin pago extra,&nbsp;<strong>as\u00ed que hay un precedente para ello<\/strong>\u201d, dijo.<\/p>\n\n\n\n<p>Los palcos del estadio Azteca son un producto de lujo en la Ciudad de M\u00e9xico. El precio actual de venta por un espacio de 20 metros cuadrados oscila entre&nbsp;<strong>15 y 25 millones de pesos<\/strong>&nbsp;(entre&nbsp;<strong>900,000 y 1.5 millones de d\u00f3lares<\/strong>). Algunos propietarios los alquilan para eventos puntuales.<\/p>\n\n\n\n<p>Ruano, cuyo padre compr\u00f3 el t\u00edtulo del palco, dijo que ten\u00eda esperanzas de encontrar una soluci\u00f3n para la Copa del Mundo de 2026 despu\u00e9s de conversaciones con funcionarios del estadio la semana pasada, aunque a\u00fan no hab\u00eda ninguna propuesta concreta sobre la mesa.<\/p>\n\n\n\n<p><strong>Emilio Azc\u00e1rraga Jean,<\/strong>&nbsp;actual propietario del estadio a trav\u00e9s de la empresa multimedia Televisa e hijo de Emilio Azc\u00e1rraga Milmo, dijo que esperaba que el tema se resolviera pronto.<\/p>\n\n\n\n<p>\u201cPara mi padre en ese momento era muy importante vender las cajas para terminar la construcci\u00f3n y hasta el momento no ha habido ning\u00fan problema previo con los due\u00f1os de las cajas.&nbsp;<strong>Intentaremos encontrar una soluci\u00f3n<\/strong>\u201d, dijo Azc\u00e1rraga Jean a W Radio, propiedad de Televisa.<\/p>\n\n\n\n<p>Cuando se le pidi\u00f3 un comentario, la FIFA dijo que estaba colaborando con las 16 ciudades anfitrionas de la Copa Mundial 2026, incluidos los planes de remodelaci\u00f3n para el estadio Azteca, que pasar\u00e1 a la historia del futbol como el primer estadio en albergar partidos en tres Copas Mundiales distintas.<\/p>\n\n\n\n<p>\u201cLos detalles espec\u00edficos sobre el acceso de los aficionados y otra informaci\u00f3n sobre los partidos se anunciar\u00e1n a su debido tiempo\u201d, dijo la FIFA.<\/p>\n\n\n\n<p>Los detalles de los planes de remodelaci\u00f3n para la Copa del Mundo a\u00fan no est\u00e1n claros, pero Ruano dijo que algunos propietarios de palcos fuera de su asociaci\u00f3n a<strong>cordaron liberar sus asientos para el torneo de 2026<\/strong>&nbsp;a cambio de mejoras de sus palcos y otros beneficios.<\/p>\n\n\n\n<p>\u201c<strong>Cada propietario tiene derecho a buscar lo que sea mejor para \u00e9l<\/strong>\u201d, dijo. \u201cPero ese no es mi caso, t<strong>engo derecho a estar all\u00ed y nadie puede obligarme a salir, ser\u00eda como si alguien me obligara a salir de mi propia casa<\/strong>\u201d.<\/p>\n<div class='share-to-whatsapp-wrapper'><div class='share-on-whsp'>Share on: <\/div><a data-text='Due\u00f1os de palcos del Azteca siguen en su postura de no cederlos para el Mundial 2026 como lo ten\u00eda previsto la FIFA' data-link='https:\/\/portaltactica.com\/?p=83440' class='whatsapp-button whatsapp-share'>WhatsApp<\/a><div class='clear '><\/div><\/div>","protected":false},"excerpt":{"rendered":"<p>Roberto Ruano\u00a0es propietario de un lujoso palco en el\u00a0Estadio Azteca\u00a0de la Ciudad de M\u00e9xico donde \u00e9l y su familia pueden ver&hellip;<\/p>\n","protected":false},"author":2,"featured_media":83441,"comment_status":"closed","ping_status":"closed","sticky":false,"template":"","format":"standard","meta":{"advanced_seo_description":"","jetpack_seo_html_title":"","jetpack_seo_noindex":false,"_jetpack_memberships_contains_paid_content":false,"footnotes":"","jetpack_publicize_message":"","jetpack_publicize_feature_enabled":true,"jetpack_social_post_already_shared":false,"jetpack_social_options":{"image_generator_settings":{"template":"highway","default_image_id":0,"font":"","enabled":false},"version":2}},"categories":[1897,1896],"tags":[],"class_list":["post-83440","post","type-post","status-publish","format-standard","has-post-thumbnail","hentry","category-destacado-nacional","category-destacado-portada"],"jetpack_publicize_connections":[],"jetpack_featured_media_url":"https:\/\/portaltactica.com\/wp-content\/uploads\/2024\/05\/10-3.jpg","jetpack_sharing_enabled":true,"_links":{"self":[{"href":"https:\/\/portaltactica.com\/index.php?rest_route=\/wp\/v2\/posts\/83440","targetHints":{"allow":["GET"]}}],"collection":[{"href":"https:\/\/portaltactica.com\/index.php?rest_route=\/wp\/v2\/posts"}],"about":[{"href":"https:\/\/portaltactica.com\/index.php?rest_route=\/wp\/v2\/types\/post"}],"author":[{"embeddable":true,"href":"https:\/\/portaltactica.com\/index.php?rest_route=\/wp\/v2\/users\/2"}],"replies":[{"embeddable":true,"href":"https:\/\/portaltactica.com\/index.php?rest_route=%2Fwp%2Fv2%2Fcomments&post=83440"}],"version-history":[{"count":1,"href":"https:\/\/portaltactica.com\/index.php?rest_route=\/wp\/v2\/posts\/83440\/revisions"}],"predecessor-version":[{"id":83442,"href":"https:\/\/portaltactica.com\/index.php?rest_route=\/wp\/v2\/posts\/83440\/revisions\/83442"}],"wp:featuredmedia":[{"embeddable":true,"href":"https:\/\/portaltactica.com\/index.php?rest_route=\/wp\/v2\/media\/83441"}],"wp:attachment":[{"href":"https:\/\/portaltactica.com\/index.php?rest_route=%2Fwp%2Fv2%2Fmedia&parent=83440"}],"wp:term":[{"taxonomy":"category","embeddable":true,"href":"https:\/\/portaltactica.com\/index.php?rest_route=%2Fwp%2Fv2%2Fcategories&post=83440"},{"taxonomy":"post_tag","embeddable":true,"href":"https:\/\/portaltactica.com\/index.php?rest_route=%2Fwp%2Fv2%2Ftags&post=83440"}],"curies":[{"name":"wp","href":"https:\/\/api.w.org\/{rel}","templated":true}]}}