{"id":82594,"date":"2024-04-10T13:32:57","date_gmt":"2024-04-10T19:32:57","guid":{"rendered":"https:\/\/portaltactica.com\/?p=82594"},"modified":"2024-04-10T13:32:59","modified_gmt":"2024-04-10T19:32:59","slug":"tribunal-ratifica-libertad-condicional-de-dani-alves-tras-rechazar-apelaciones","status":"publish","type":"post","link":"https:\/\/portaltactica.com\/?p=82594","title":{"rendered":"Tribunal ratifica libertad condicional de Dani Alves tras rechazar apelaciones"},"content":{"rendered":"\n<p>Un tribunal espa\u00f1ol anunci\u00f3 este mi\u00e9rcoles que desestim\u00f3 los recursos contra la libertad condicional del futbolista brasile\u00f1o Dani Alves, que sali\u00f3 de la c\u00e1rcel tras cumplir 14 meses de su condena de cuatro a\u00f1os y medio por violaci\u00f3n.<\/p>\n\n\n\n<p>La Audiencia de Barcelona &#8220;desestima los recursos presentados contra la resoluci\u00f3n que acordaba la libertad bajo fianza del condenado Daniel Alves&#8221;, anunci\u00f3 el Tribunal Superior de Justicia de Catalu\u00f1a en un comunicado.<\/p>\n\n\n\n<p>Alves, de 40 a\u00f1os, sali\u00f3 el 25 de marzo de la c\u00e1rcel en la que estaba desde fines de enero de 2023 tras pagar una fianza de un mill\u00f3n de euros (1.08 millones de d\u00f3lares), mientras se resuelven los recursos contra su condena a cuatro a\u00f1os y medio de c\u00e1rcel por violaci\u00f3n.<\/p>\n\n\n\n<p>La fiscal\u00eda y la defensa de la v\u00edctima recurrieron su salida provisional de la c\u00e1rcel esgrimiendo el riesgo de fuga, algo que desestim\u00f3 el tribunal, que retir\u00f3 el pasaporte a Alves y le impuso la obligaci\u00f3n de presentarse semanalmente en el tribunal.<\/p>\n\n\n\n<p>El que fue jugador de FC Barcelona, PSG y la selecci\u00f3n brasile\u00f1a, fue condenado en febrero a cuatro a\u00f1os y medio de c\u00e1rcel por haber violado a una mujer en los ba\u00f1os de una discoteca de Barcelona a finales de 2022, cuando regres\u00f3 del mundial de Qatar.<\/p>\n\n\n\n<p>La corte lo sancion\u00f3 tambi\u00e9n a cinco a\u00f1os adicionales de libertad vigilada, orden de alejamiento de la v\u00edctima por nueve a\u00f1os y medio y el pago de una indemnizaci\u00f3n de 150 mil euros (unos 163 mil d\u00f3lares).<\/p>\n\n\n\n<p>La sentencia fue recurrida tanto por la defensa de Alves, que durante el juicio solicit\u00f3 su absoluci\u00f3n, como por la fiscal\u00eda, que quiere endurecer la pena. La resoluci\u00f3n de estas apelaciones puede tardar meses.<\/p>\n\n\n\n<p>Tras su ingreso en prisi\u00f3n provisional en enero de 2023, el equipo de Alves en aquel momento, el Pumas de M\u00e9xico, rescindi\u00f3 su contrato, y el posible regreso al futbol del defensor lateral derecho es una inc\u00f3gnita.<\/p>\n<div class='share-to-whatsapp-wrapper'><div class='share-on-whsp'>Share on: <\/div><a data-text='Tribunal ratifica libertad condicional de Dani Alves tras rechazar apelaciones' data-link='https:\/\/portaltactica.com\/?p=82594' class='whatsapp-button whatsapp-share'>WhatsApp<\/a><div class='clear '><\/div><\/div>","protected":false},"excerpt":{"rendered":"<p>Un tribunal espa\u00f1ol anunci\u00f3 este mi\u00e9rcoles que desestim\u00f3 los recursos contra la libertad condicional del futbolista brasile\u00f1o Dani Alves, que sali\u00f3&hellip;<\/p>\n","protected":false},"author":2,"featured_media":82595,"comment_status":"closed","ping_status":"closed","sticky":false,"template":"","format":"standard","meta":{"advanced_seo_description":"","jetpack_seo_html_title":"","jetpack_seo_noindex":false,"_jetpack_memberships_contains_paid_content":false,"footnotes":"","jetpack_publicize_message":"","jetpack_publicize_feature_enabled":true,"jetpack_social_post_already_shared":false,"jetpack_social_options":{"image_generator_settings":{"template":"highway","default_image_id":0,"font":"","enabled":false},"version":2}},"categories":[1898],"tags":[],"class_list":["post-82594","post","type-post","status-publish","format-standard","has-post-thumbnail","hentry","category-destacado-internacional"],"jetpack_publicize_connections":[],"jetpack_featured_media_url":"https:\/\/portaltactica.com\/wp-content\/uploads\/2024\/04\/2-7.jpg","jetpack_sharing_enabled":true,"_links":{"self":[{"href":"https:\/\/portaltactica.com\/index.php?rest_route=\/wp\/v2\/posts\/82594","targetHints":{"allow":["GET"]}}],"collection":[{"href":"https:\/\/portaltactica.com\/index.php?rest_route=\/wp\/v2\/posts"}],"about":[{"href":"https:\/\/portaltactica.com\/index.php?rest_route=\/wp\/v2\/types\/post"}],"author":[{"embeddable":true,"href":"https:\/\/portaltactica.com\/index.php?rest_route=\/wp\/v2\/users\/2"}],"replies":[{"embeddable":true,"href":"https:\/\/portaltactica.com\/index.php?rest_route=%2Fwp%2Fv2%2Fcomments&post=82594"}],"version-history":[{"count":1,"href":"https:\/\/portaltactica.com\/index.php?rest_route=\/wp\/v2\/posts\/82594\/revisions"}],"predecessor-version":[{"id":82596,"href":"https:\/\/portaltactica.com\/index.php?rest_route=\/wp\/v2\/posts\/82594\/revisions\/82596"}],"wp:featuredmedia":[{"embeddable":true,"href":"https:\/\/portaltactica.com\/index.php?rest_route=\/wp\/v2\/media\/82595"}],"wp:attachment":[{"href":"https:\/\/portaltactica.com\/index.php?rest_route=%2Fwp%2Fv2%2Fmedia&parent=82594"}],"wp:term":[{"taxonomy":"category","embeddable":true,"href":"https:\/\/portaltactica.com\/index.php?rest_route=%2Fwp%2Fv2%2Fcategories&post=82594"},{"taxonomy":"post_tag","embeddable":true,"href":"https:\/\/portaltactica.com\/index.php?rest_route=%2Fwp%2Fv2%2Ftags&post=82594"}],"curies":[{"name":"wp","href":"https:\/\/api.w.org\/{rel}","templated":true}]}}