{"id":82473,"date":"2024-04-05T08:36:01","date_gmt":"2024-04-05T15:36:01","guid":{"rendered":"https:\/\/portaltactica.com\/?p=82473"},"modified":"2024-04-05T08:36:03","modified_gmt":"2024-04-05T15:36:03","slug":"andres-guardado-vuelve-a-los-entrenamientos-con-leon-y-tiene-en-la-mira-el-partido-contra-queretaro","status":"publish","type":"post","link":"https:\/\/portaltactica.com\/?p=82473","title":{"rendered":"Andr\u00e9s Guardado vuelve a los entrenamientos con Le\u00f3n y tiene en la mira el partido contra Quer\u00e9taro"},"content":{"rendered":"\n<p>El mediocampista mexicano,\u00a0<strong>Andr\u00e9s Guardado<\/strong>, ha retomado los entrenamientos con el\u00a0<strong>Club Le\u00f3n<\/strong>\u00a0despu\u00e9s de recuperarse de una lesi\u00f3n.\u00a0<strong>Guardado<\/strong>\u00a0particip\u00f3 en las pr\u00e1cticas con el resto del equipo en preparaci\u00f3n para el pr\u00f3ximo partido contra\u00a0<strong>Quer\u00e9taro<\/strong>\u00a0en la\u00a0<strong>Jornada 14 del Clausura 2024<\/strong>.<\/p>\n\n\n\n<p>El retorno de&nbsp;<strong>Guardado<\/strong>&nbsp;a los entrenamientos en equipo se produjo este jueves, justo a tiempo para el enfrentamiento del fin de semana frente a&nbsp;<strong>Quer\u00e9taro<\/strong>. Esto plantea la posibilidad de que el &#8216;<strong>Principito<\/strong>&#8216; pueda tener minutos de juego en este importante encuentro para las aspiraciones de&nbsp;<strong>La Fiera<\/strong>.<\/p>\n\n\n\n<p><strong>Guardado<\/strong>\u00a0sufri\u00f3 una lesi\u00f3n durante el partido contra\u00a0<strong>Am\u00e9rica<\/strong>\u00a0en la\u00a0<strong>Jornada 6 del Clausura 2024<\/strong>. En ese encuentro, tuvo que ser sustituido por el joven\u00a0<strong>Sebasti\u00e1n Santos<\/strong>\u00a0antes del descanso. Desde ese entonces,\u00a0<strong>Andr\u00e9s<\/strong>\u00a0no ha tenido actividad en el futbol mexicano.<\/p>\n\n\n\n<p>La lesi\u00f3n muscular mantuvo a&nbsp;<strong>Andr\u00e9s Guardado<\/strong>&nbsp;fuera de acci\u00f3n durante varias jornadas, limitando su participaci\u00f3n a cinco partidos, de los cuales solo fue titular en dos. En total, ha acumulado 223&nbsp;minutos en lo que va de la temporada en la&nbsp;<strong>Liga MX<\/strong>.<\/p>\n\n\n\n<p>El pr\u00f3ximo duelo para Le\u00f3n\u00a0<strong>ser\u00e1<\/strong>\u00a0contra\u00a0<strong>Quer\u00e9taro<\/strong>\u00a0el s\u00e1bado a las 17:00 horas en el\u00a0<strong>Nou Camp<\/strong>. El equipo busca mantenerse en la zona de clasificaci\u00f3n para la Fase Final.\u00a0Actualmente,\u00a0<strong>La Fiera\u00a0<\/strong>se encuentra en la novena posici\u00f3n con 20 puntos y a\u00fan con posibilidades de asegurar un lugar directo en los\u00a0<strong>Cuartos de Final<\/strong>.<\/p>\n\n\n\n<p>El cierre de temporada para&nbsp;<strong>Le\u00f3n<\/strong>&nbsp;se presenta exigente, ya que despu\u00e9s del encuentro contra&nbsp;<strong>Quer\u00e9taro<\/strong>, enfrentar\u00e1 a&nbsp;<strong>Pumas<\/strong>&nbsp;como visitante, recibir\u00e1 a&nbsp;<strong>Monterrey<\/strong>&nbsp;y cerrar\u00e1 la campa\u00f1a como visitante ante&nbsp;<strong>FC Ju\u00e1rez<\/strong>.<\/p>\n<div class='share-to-whatsapp-wrapper'><div class='share-on-whsp'>Share on: <\/div><a data-text='Andr\u00e9s Guardado vuelve a los entrenamientos con Le\u00f3n y tiene en la mira el partido contra Quer\u00e9taro' data-link='https:\/\/portaltactica.com\/?p=82473' class='whatsapp-button whatsapp-share'>WhatsApp<\/a><div class='clear '><\/div><\/div>","protected":false},"excerpt":{"rendered":"<p>El mediocampista mexicano,\u00a0Andr\u00e9s Guardado, ha retomado los entrenamientos con el\u00a0Club Le\u00f3n\u00a0despu\u00e9s de recuperarse de una lesi\u00f3n.\u00a0Guardado\u00a0particip\u00f3 en las pr\u00e1cticas con el&hellip;<\/p>\n","protected":false},"author":2,"featured_media":82474,"comment_status":"closed","ping_status":"closed","sticky":false,"template":"","format":"standard","meta":{"advanced_seo_description":"","jetpack_seo_html_title":"","jetpack_seo_noindex":false,"_jetpack_memberships_contains_paid_content":false,"footnotes":"","jetpack_publicize_message":"","jetpack_publicize_feature_enabled":true,"jetpack_social_post_already_shared":false,"jetpack_social_options":{"image_generator_settings":{"template":"highway","default_image_id":0,"font":"","enabled":false},"version":2}},"categories":[7],"tags":[],"class_list":["post-82473","post","type-post","status-publish","format-standard","has-post-thumbnail","hentry","category-nacional"],"jetpack_publicize_connections":[],"jetpack_featured_media_url":"https:\/\/portaltactica.com\/wp-content\/uploads\/2024\/04\/4.jpeg","jetpack_sharing_enabled":true,"_links":{"self":[{"href":"https:\/\/portaltactica.com\/index.php?rest_route=\/wp\/v2\/posts\/82473","targetHints":{"allow":["GET"]}}],"collection":[{"href":"https:\/\/portaltactica.com\/index.php?rest_route=\/wp\/v2\/posts"}],"about":[{"href":"https:\/\/portaltactica.com\/index.php?rest_route=\/wp\/v2\/types\/post"}],"author":[{"embeddable":true,"href":"https:\/\/portaltactica.com\/index.php?rest_route=\/wp\/v2\/users\/2"}],"replies":[{"embeddable":true,"href":"https:\/\/portaltactica.com\/index.php?rest_route=%2Fwp%2Fv2%2Fcomments&post=82473"}],"version-history":[{"count":1,"href":"https:\/\/portaltactica.com\/index.php?rest_route=\/wp\/v2\/posts\/82473\/revisions"}],"predecessor-version":[{"id":82475,"href":"https:\/\/portaltactica.com\/index.php?rest_route=\/wp\/v2\/posts\/82473\/revisions\/82475"}],"wp:featuredmedia":[{"embeddable":true,"href":"https:\/\/portaltactica.com\/index.php?rest_route=\/wp\/v2\/media\/82474"}],"wp:attachment":[{"href":"https:\/\/portaltactica.com\/index.php?rest_route=%2Fwp%2Fv2%2Fmedia&parent=82473"}],"wp:term":[{"taxonomy":"category","embeddable":true,"href":"https:\/\/portaltactica.com\/index.php?rest_route=%2Fwp%2Fv2%2Fcategories&post=82473"},{"taxonomy":"post_tag","embeddable":true,"href":"https:\/\/portaltactica.com\/index.php?rest_route=%2Fwp%2Fv2%2Ftags&post=82473"}],"curies":[{"name":"wp","href":"https:\/\/api.w.org\/{rel}","templated":true}]}}