{"id":81833,"date":"2024-03-14T12:35:25","date_gmt":"2024-03-14T19:35:25","guid":{"rendered":"https:\/\/portaltactica.com\/?p=81833"},"modified":"2024-03-14T12:35:26","modified_gmt":"2024-03-14T19:35:26","slug":"helmut-marko-y-verstappen-confirman-permanencia-en-red-bull-no-nos-iremos-a-mercedes-por-ahora","status":"publish","type":"post","link":"https:\/\/portaltactica.com\/?p=81833","title":{"rendered":"Helmut Marko y Verstappen confirman permanencia en Red Bull: &#8216;No nos iremos a Mercedes por ahora&#8217;"},"content":{"rendered":"\n<p><span style=\"font-family: Helvetica, Arial, sans-serif;font-size: 18px\">Desde el inicio de la temporada\u00a0<\/span><strong style=\"margin: 0px;padding: 0px;border: 0px;vertical-align: baseline;font-style: inherit;font-variant: inherit;font-size: inherit;line-height: inherit;font-family: inherit\">Red Bull<\/strong><span style=\"font-family: Helvetica, Arial, sans-serif;font-size: 18px\">\u00a0est\u00e1 teniendo m\u00e1s problemas internos que en la pista, primero fue el esc\u00e1ndalo de Christian Horner del cual ya qued\u00f3 absuelto y lo \u00faltimo ha sido la posible salida de\u00a0<\/span><strong style=\"margin: 0px;padding: 0px;border: 0px;vertical-align: baseline;font-style: inherit;font-variant: inherit;font-size: inherit;line-height: inherit;font-family: inherit\">Helmut Marko<\/strong><span style=\"font-family: Helvetica, Arial, sans-serif;font-size: 18px\">\u00a0y\u00a0<\/span><strong style=\"margin: 0px;padding: 0px;border: 0px;vertical-align: baseline;font-style: inherit;font-variant: inherit;font-size: inherit;line-height: inherit;font-family: inherit\">Max Verstappen<\/strong><span style=\"font-family: Helvetica, Arial, sans-serif;font-size: 18px\">\u00a0a\u00a0<\/span><strong style=\"margin: 0px;padding: 0px;border: 0px;vertical-align: baseline;font-style: inherit;font-variant: inherit;font-size: inherit;line-height: inherit;font-family: inherit\">Mercedes.<\/strong><\/p>\n\n\n\n<p>El rumor comenz\u00f3 gracias a una foto en la que se puede ver a Jos Veratappen, padre de Max y Toto Wolf, jefe de equipo en Mercedes, por lo que empez\u00f3 a correr la versi\u00f3n sobre la posible llegada del piloto neerland\u00e9s a la Mercedes junto con el asesor de Red Bull, Helmut Marko.<\/p>\n\n\n\n<p>Ante estas especulaciones, fue el propio Helmut Marko quien se encarg\u00f3 de disipar el rumor y dejar en claro que el futuro tanto de Max como el suyo est\u00e1 e Red Bull y de momento, no hay planes para que esto cambie.<\/p>\n\n\n\n<p>\u201cEs mucho tiempo, estaba muy agradecido por la lealtad de Max. Me ha impresionado; de momento, no vamos a ir juntos a Mercedes\u201d, mencion\u00f3 Marko a De Telegraaf.<\/p>\n<div class='share-to-whatsapp-wrapper'><div class='share-on-whsp'>Share on: <\/div><a data-text='Helmut Marko y Verstappen confirman permanencia en Red Bull: 'No nos iremos a Mercedes por ahora'' data-link='https:\/\/portaltactica.com\/?p=81833' class='whatsapp-button whatsapp-share'>WhatsApp<\/a><div class='clear '><\/div><\/div>","protected":false},"excerpt":{"rendered":"<p>Desde el inicio de la temporada\u00a0Red Bull\u00a0est\u00e1 teniendo m\u00e1s problemas internos que en la pista, primero fue el esc\u00e1ndalo de Christian&hellip;<\/p>\n","protected":false},"author":2,"featured_media":81835,"comment_status":"closed","ping_status":"closed","sticky":false,"template":"","format":"standard","meta":{"advanced_seo_description":"","jetpack_seo_html_title":"","jetpack_seo_noindex":false,"_jetpack_memberships_contains_paid_content":false,"footnotes":"","jetpack_publicize_message":"","jetpack_publicize_feature_enabled":true,"jetpack_social_post_already_shared":false,"jetpack_social_options":{"image_generator_settings":{"template":"highway","default_image_id":0,"font":"","enabled":false},"version":2}},"categories":[1898],"tags":[],"class_list":["post-81833","post","type-post","status-publish","format-standard","has-post-thumbnail","hentry","category-destacado-internacional"],"jetpack_publicize_connections":[],"jetpack_featured_media_url":"https:\/\/portaltactica.com\/wp-content\/uploads\/2024\/03\/6-7.jpg","jetpack_sharing_enabled":true,"_links":{"self":[{"href":"https:\/\/portaltactica.com\/index.php?rest_route=\/wp\/v2\/posts\/81833","targetHints":{"allow":["GET"]}}],"collection":[{"href":"https:\/\/portaltactica.com\/index.php?rest_route=\/wp\/v2\/posts"}],"about":[{"href":"https:\/\/portaltactica.com\/index.php?rest_route=\/wp\/v2\/types\/post"}],"author":[{"embeddable":true,"href":"https:\/\/portaltactica.com\/index.php?rest_route=\/wp\/v2\/users\/2"}],"replies":[{"embeddable":true,"href":"https:\/\/portaltactica.com\/index.php?rest_route=%2Fwp%2Fv2%2Fcomments&post=81833"}],"version-history":[{"count":1,"href":"https:\/\/portaltactica.com\/index.php?rest_route=\/wp\/v2\/posts\/81833\/revisions"}],"predecessor-version":[{"id":81836,"href":"https:\/\/portaltactica.com\/index.php?rest_route=\/wp\/v2\/posts\/81833\/revisions\/81836"}],"wp:featuredmedia":[{"embeddable":true,"href":"https:\/\/portaltactica.com\/index.php?rest_route=\/wp\/v2\/media\/81835"}],"wp:attachment":[{"href":"https:\/\/portaltactica.com\/index.php?rest_route=%2Fwp%2Fv2%2Fmedia&parent=81833"}],"wp:term":[{"taxonomy":"category","embeddable":true,"href":"https:\/\/portaltactica.com\/index.php?rest_route=%2Fwp%2Fv2%2Fcategories&post=81833"},{"taxonomy":"post_tag","embeddable":true,"href":"https:\/\/portaltactica.com\/index.php?rest_route=%2Fwp%2Fv2%2Ftags&post=81833"}],"curies":[{"name":"wp","href":"https:\/\/api.w.org\/{rel}","templated":true}]}}