{"id":80116,"date":"2024-01-23T12:38:50","date_gmt":"2024-01-23T19:38:50","guid":{"rendered":"https:\/\/portaltactica.com\/?p=80116"},"modified":"2024-01-23T12:38:52","modified_gmt":"2024-01-23T19:38:52","slug":"hijo-de-chucho-benitez-afirma-a-mi-papa-lo-asesinaron","status":"publish","type":"post","link":"https:\/\/portaltactica.com\/?p=80116","title":{"rendered":"Hijo de &#8220;Chucho&#8221; Benitez afirma: &#8216;A mi pap\u00e1 lo asesinaron&#8217;"},"content":{"rendered":"\n<p>Sorprendi\u00f3 al mundo futbol\u00edstico las declaraciones del hijo del legendario delantero ecuatoriano Christian Ben\u00edtez, Fabiano Ben\u00edtez, quien afirmo que su padre fue asesinado.<\/p>\n\n\n\n<p>El joven, de 20 a\u00f1os, hizo la revelaci\u00f3n en una entrevista con el programa F\u00fatbol Sin Cassette; \u201c<strong>Cuando pap\u00e1 fallece yo era muy ni\u00f1o, ten\u00eda 10 a\u00f1os. Yo solo quer\u00eda pap\u00e1 para m\u00ed, yo no sab\u00eda de maldad, ni nada del mundo, pero a medida que fui creciendo me hice preguntas y en internet hay muchas respuestas, pero ninguna de ellas es la verdad<\/strong>\u201d.<\/p>\n\n\n\n<figure class=\"wp-block-embed is-type-rich is-provider-twitter wp-block-embed-twitter\"><div class=\"wp-block-embed__wrapper\">\n<blockquote class=\"twitter-tweet\" data-width=\"550\" data-dnt=\"true\"><p lang=\"es\" dir=\"ltr\">\ud83d\udea8\ud83d\ude33 \u201cESTOY SEGURO QUE A MI PAP\u00c1 LO ASESINARON\u201d<br><br>\ud83d\udde3\ufe0f Dura confesi\u00f3n de Fabiano Ben\u00edtez, hijo de Christian Ben\u00edtez \ud83c\uddea\ud83c\udde8, en <a href=\"https:\/\/twitter.com\/hashtag\/F%C3%BAtbolSinCassetteSF?src=hash&amp;ref_src=twsrc%5Etfw\">#F\u00fatbolSinCassetteSF<\/a>.<br><br>\u201cHe obtenido documentos\u2026 no quiero culpar a nadie, pero yo creo, no creo, estoy seguro que a mi pap\u00e1 lo asesinaron\u201d. <a href=\"https:\/\/t.co\/S9gBZ8xqLc\">pic.twitter.com\/S9gBZ8xqLc<\/a><\/p>&mdash; StudioF\u00fatbol \u26bd (@StudioFutbol) <a href=\"https:\/\/twitter.com\/StudioFutbol\/status\/1749827031724966006?ref_src=twsrc%5Etfw\">January 23, 2024<\/a><\/blockquote><script async src=\"https:\/\/platform.twitter.com\/widgets.js\" charset=\"utf-8\"><\/script>\n<\/div><\/figure>\n\n\n\n<p><strong>Christian Ben\u00edtez<\/strong>\u00a0muri\u00f3 el 29 de julio de 2013 a los 27 a\u00f1os de edad, la causa oficial de su muerte fue un paro card\u00edaco, pero su fallecimiento siempre ha estado rodeado de pol\u00e9mica.<\/p>\n\n\n\n<p>\u201c<strong>He obtenido documentos donde yo personalmente estoy seguro que a mi pap\u00e1 lo asesinaron<\/strong>\u201d, agreg\u00f3 Ben\u00edtez. \u201c<strong>No quiero culpar a nadie, pero estoy seguro de que no fue una muerte natural\u201d.&nbsp;<\/strong>Estas declaraciones levantaron \u00e1mpula en el medio del futbol tanto de M\u00e9xico como de Ecuador.<\/p>\n<div class='share-to-whatsapp-wrapper'><div class='share-on-whsp'>Share on: <\/div><a data-text='Hijo de \"Chucho\" Benitez afirma: 'A mi pap\u00e1 lo asesinaron'' data-link='https:\/\/portaltactica.com\/?p=80116' class='whatsapp-button whatsapp-share'>WhatsApp<\/a><div class='clear '><\/div><\/div>","protected":false},"excerpt":{"rendered":"<p>Sorprendi\u00f3 al mundo futbol\u00edstico las declaraciones del hijo del legendario delantero ecuatoriano Christian Ben\u00edtez, Fabiano Ben\u00edtez, quien afirmo que su padre&hellip;<\/p>\n","protected":false},"author":2,"featured_media":80117,"comment_status":"closed","ping_status":"closed","sticky":false,"template":"","format":"standard","meta":{"advanced_seo_description":"","jetpack_seo_html_title":"","jetpack_seo_noindex":false,"_jetpack_memberships_contains_paid_content":false,"footnotes":"","jetpack_publicize_message":"","jetpack_publicize_feature_enabled":true,"jetpack_social_post_already_shared":false,"jetpack_social_options":{"image_generator_settings":{"template":"highway","default_image_id":0,"font":"","enabled":false},"version":2}},"categories":[1897],"tags":[],"class_list":["post-80116","post","type-post","status-publish","format-standard","has-post-thumbnail","hentry","category-destacado-nacional"],"jetpack_publicize_connections":[],"jetpack_featured_media_url":"https:\/\/portaltactica.com\/wp-content\/uploads\/2024\/01\/6-6.jpg","jetpack_sharing_enabled":true,"_links":{"self":[{"href":"https:\/\/portaltactica.com\/index.php?rest_route=\/wp\/v2\/posts\/80116","targetHints":{"allow":["GET"]}}],"collection":[{"href":"https:\/\/portaltactica.com\/index.php?rest_route=\/wp\/v2\/posts"}],"about":[{"href":"https:\/\/portaltactica.com\/index.php?rest_route=\/wp\/v2\/types\/post"}],"author":[{"embeddable":true,"href":"https:\/\/portaltactica.com\/index.php?rest_route=\/wp\/v2\/users\/2"}],"replies":[{"embeddable":true,"href":"https:\/\/portaltactica.com\/index.php?rest_route=%2Fwp%2Fv2%2Fcomments&post=80116"}],"version-history":[{"count":1,"href":"https:\/\/portaltactica.com\/index.php?rest_route=\/wp\/v2\/posts\/80116\/revisions"}],"predecessor-version":[{"id":80118,"href":"https:\/\/portaltactica.com\/index.php?rest_route=\/wp\/v2\/posts\/80116\/revisions\/80118"}],"wp:featuredmedia":[{"embeddable":true,"href":"https:\/\/portaltactica.com\/index.php?rest_route=\/wp\/v2\/media\/80117"}],"wp:attachment":[{"href":"https:\/\/portaltactica.com\/index.php?rest_route=%2Fwp%2Fv2%2Fmedia&parent=80116"}],"wp:term":[{"taxonomy":"category","embeddable":true,"href":"https:\/\/portaltactica.com\/index.php?rest_route=%2Fwp%2Fv2%2Fcategories&post=80116"},{"taxonomy":"post_tag","embeddable":true,"href":"https:\/\/portaltactica.com\/index.php?rest_route=%2Fwp%2Fv2%2Ftags&post=80116"}],"curies":[{"name":"wp","href":"https:\/\/api.w.org\/{rel}","templated":true}]}}