{"id":80090,"date":"2024-01-22T17:52:08","date_gmt":"2024-01-23T00:52:08","guid":{"rendered":"https:\/\/portaltactica.com\/?p=80090"},"modified":"2024-01-22T17:52:10","modified_gmt":"2024-01-23T00:52:10","slug":"el-liverpool-dice-que-la-lesion-de-salah-es-peor-de-lo-que-se-temia-al-principio","status":"publish","type":"post","link":"https:\/\/portaltactica.com\/?p=80090","title":{"rendered":"El Liverpool dice que la lesi\u00f3n de Salah es &#8220;peor de lo que se tem\u00eda al principio&#8221;"},"content":{"rendered":"\n<p>El Liverpool asegura que la lesi\u00f3n en la pierna que sufri\u00f3 Mohamed Salah en la Copa Africana de Naciones es &#8220;peor de lo que se tem\u00eda al principio&#8221;, pero Egipto mantiene la esperanza de que pueda volver para una posible semifinal.<\/p>\n\n\n\n<p>Salah se lesion\u00f3 en el empate 2-2 de Egipto contra Ghana el jueves en el Grupo B.<\/p>\n\n\n\n<p>Egipto alcanz\u00f3 los octavos de final el lunes despu\u00e9s de un dram\u00e1tico empate 2-2 con Cabo Verde mientras Salah miraba desde las gradas.<\/p>\n\n\n\n<p>El Liverpool dijo que el jugador de 31 a\u00f1os regresar\u00e1 el mi\u00e9rcoles para un &#8220;programa intensivo de rehabilitaci\u00f3n&#8221;.<\/p>\n\n\n\n<p>El club a\u00f1adi\u00f3 que la lesi\u00f3n de Salah era &#8220;peor de lo que se tem\u00eda en un principio&#8221;, pero que ser\u00e1 tratado con vistas a &#8220;volver a la acci\u00f3n lo antes posible para el club y el pa\u00eds, d\u00e1ndole la mejor oportunidad de volver a competir en Afcon&#8221; si Egipto sigue progresando.<\/p>\n\n\n\n<p>&#8220;Tiene sentido que haga la rehabilitaci\u00f3n con nosotros&#8221;, dijo el domingo el entrenador del Liverpool, J\u00fcrgen Klopp, antes de que se confirmara el regreso de Salah.<\/p>\n\n\n\n<p>La federaci\u00f3n egipcia de f\u00fatbol hab\u00eda dicho inicialmente el viernes que Salah s\u00f3lo volver\u00eda a participar en el torneo si su naci\u00f3n avanzaba a cuartos de final el 2 o 3 de febrero.<\/p>\n\n\n\n<p>Klopp a\u00f1adi\u00f3: &#8220;Yo dir\u00eda que si Egipto se clasifica para la final, si est\u00e1 en forma antes de la final, entonces probablemente s\u00ed&#8221;.<\/p>\n\n\n\n<p>Sin embargo, el agente de Salah, Ramy Abbas Issa, pareci\u00f3 posteriormente poner en duda las posibilidades de que el delantero participe de nuevo en la Afcon de este a\u00f1o.<\/p>\n\n\n\n<p>&#8220;La lesi\u00f3n de Mohammed es m\u00e1s grave de lo que se pens\u00f3 en un principio y estar\u00e1 de baja entre 21 y 28 d\u00edas, y no dos partidos&#8221;, public\u00f3 en X, antiguo Twitter.<\/p>\n\n\n\n<p>&#8220;Su mejor oportunidad para participar en la actual Afcon es someterse a una rehabilitaci\u00f3n intensiva en el Reino Unido y reincorporarse al equipo tan pronto como est\u00e9 en forma&#8221;.<\/p>\n\n\n\n<p>Si Salah estuviera de baja durante 21 d\u00edas desde la fecha en que sufri\u00f3 la lesi\u00f3n, no volver\u00eda a estar disponible hasta el 8 de febrero, tres d\u00edas antes de la final de la Afcon.<\/p>\n\n\n\n<p>Klopp hab\u00eda sugerido el viernes que era probable que el problema de Salah en los isquiotibiales fuera grave, dado que el jugador s\u00f3lo se hab\u00eda perdido 10 partidos de liga con los Reds en m\u00e1s de seis temporadas.<\/p>\n\n\n\n<p>&#8220;Estaba conmocionado y no pod\u00eda ver por qu\u00e9 se golpe\u00f3 con algo tan intenso&#8221;, dijo el alem\u00e1n.<\/p>\n\n\n\n<p>&#8220;Estas lesiones en los isquiotibiales se sufren de otra manera. \u00c9l lo sinti\u00f3 y sabemos lo poco que Mo sale, o necesita salir, as\u00ed que definitivamente es algo&#8221;.<\/p>\n\n\n\n<p>El \u00faltimo de los siete t\u00edtulos de Egipto en la Copa de Naciones se produjo en 2010, un a\u00f1o antes de que Salah debutara como internacional, y los egipcios se proclamaron subcampeones en las ediciones de 2017 y 2021.<\/p>\n\n\n\n<p>El pasado domingo marc\u00f3 un penalti en los \u00faltimos minutos para ayudar a Egipto a empatar 2-2 con Mozambique y evitar as\u00ed una vergonzosa derrota inicial a principios del torneo.<\/p>\n\n\n\n<p>Salah est\u00e1 convencido de que ganar\u00e1 la Afcon &#8220;tarde o temprano&#8221;.<\/p>\n\n\n\n<p>&#8220;Me encantar\u00eda ganarla, desde luego&#8221;, afirm\u00f3. &#8220;Suceder\u00e1 de alguna manera, eso es lo que creo. Todo lo que creo, lo consigo, as\u00ed que tarde o temprano ocurrir\u00e1&#8221;.<\/p>\n\n\n\n<p>&#8220;He ganado todo lo posible, pero \u00e9ste todav\u00eda no. Todo el mundo sabe lo que significa para cualquier jugador ganar una Copa de \u00c1frica&#8221;.<\/p>\n<div class='share-to-whatsapp-wrapper'><div class='share-on-whsp'>Share on: <\/div><a data-text='El Liverpool dice que la lesi\u00f3n de Salah es \"peor de lo que se tem\u00eda al principio\"' data-link='https:\/\/portaltactica.com\/?p=80090' class='whatsapp-button whatsapp-share'>WhatsApp<\/a><div class='clear '><\/div><\/div>","protected":false},"excerpt":{"rendered":"<p>El Liverpool asegura que la lesi\u00f3n en la pierna que sufri\u00f3 Mohamed Salah en la Copa Africana de Naciones es &#8220;peor&hellip;<\/p>\n","protected":false},"author":2,"featured_media":80091,"comment_status":"closed","ping_status":"closed","sticky":false,"template":"","format":"standard","meta":{"advanced_seo_description":"","jetpack_seo_html_title":"","jetpack_seo_noindex":false,"_jetpack_memberships_contains_paid_content":false,"footnotes":"","jetpack_publicize_message":"","jetpack_publicize_feature_enabled":true,"jetpack_social_post_already_shared":false,"jetpack_social_options":{"image_generator_settings":{"template":"highway","default_image_id":0,"font":"","enabled":false},"version":2}},"categories":[6],"tags":[],"class_list":["post-80090","post","type-post","status-publish","format-standard","has-post-thumbnail","hentry","category-internacional"],"jetpack_publicize_connections":[],"jetpack_featured_media_url":"https:\/\/portaltactica.com\/wp-content\/uploads\/2024\/01\/16.jpg","jetpack_sharing_enabled":true,"_links":{"self":[{"href":"https:\/\/portaltactica.com\/index.php?rest_route=\/wp\/v2\/posts\/80090","targetHints":{"allow":["GET"]}}],"collection":[{"href":"https:\/\/portaltactica.com\/index.php?rest_route=\/wp\/v2\/posts"}],"about":[{"href":"https:\/\/portaltactica.com\/index.php?rest_route=\/wp\/v2\/types\/post"}],"author":[{"embeddable":true,"href":"https:\/\/portaltactica.com\/index.php?rest_route=\/wp\/v2\/users\/2"}],"replies":[{"embeddable":true,"href":"https:\/\/portaltactica.com\/index.php?rest_route=%2Fwp%2Fv2%2Fcomments&post=80090"}],"version-history":[{"count":1,"href":"https:\/\/portaltactica.com\/index.php?rest_route=\/wp\/v2\/posts\/80090\/revisions"}],"predecessor-version":[{"id":80092,"href":"https:\/\/portaltactica.com\/index.php?rest_route=\/wp\/v2\/posts\/80090\/revisions\/80092"}],"wp:featuredmedia":[{"embeddable":true,"href":"https:\/\/portaltactica.com\/index.php?rest_route=\/wp\/v2\/media\/80091"}],"wp:attachment":[{"href":"https:\/\/portaltactica.com\/index.php?rest_route=%2Fwp%2Fv2%2Fmedia&parent=80090"}],"wp:term":[{"taxonomy":"category","embeddable":true,"href":"https:\/\/portaltactica.com\/index.php?rest_route=%2Fwp%2Fv2%2Fcategories&post=80090"},{"taxonomy":"post_tag","embeddable":true,"href":"https:\/\/portaltactica.com\/index.php?rest_route=%2Fwp%2Fv2%2Ftags&post=80090"}],"curies":[{"name":"wp","href":"https:\/\/api.w.org\/{rel}","templated":true}]}}