{"id":80087,"date":"2024-01-22T17:40:22","date_gmt":"2024-01-23T00:40:22","guid":{"rendered":"https:\/\/portaltactica.com\/?p=80087"},"modified":"2024-01-22T17:49:29","modified_gmt":"2024-01-23T00:49:29","slug":"no-podemos-desperdiciar-ningun-dia-tenemos-que-aprovecharlos-al-maximo","status":"publish","type":"post","link":"https:\/\/portaltactica.com\/?p=80087","title":{"rendered":"\u2018No podemos desperdiciar ning\u00fan d\u00eda\u2026 tenemos que aprovecharlos al m\u00e1ximo\u2019"},"content":{"rendered":"\n<p>Luego de coronarse en el Campeonato Nacional Elite, Varonil y Femenil 2024, celebrado en la CDMX el boxeador mazatleco, Marco Verde, buscar\u00e1 mantener su buen paso en el cuadril\u00e1tero en los pr\u00f3ximos meses, de cara a los Juegos Ol\u00edmpicos de Par\u00eds 2024.<br><br><br>Mazatl\u00e1n, Sinaloa a 22 de enero de 2024.- El mazatleco Marco Alonso Verde \u00c1lvarez regres\u00f3 a casa tras cumplir con el primer objetivo de este 2024, coronarse campe\u00f3n en la categor\u00eda Medio Ligero (71 kilogramos) en el Campeonato Nacional Elite, Varonil y Femenil 2024.<br><br>Al camino rumbo a los Juegos Ol\u00edmpicos, a celebrarse este a\u00f1o, del 26 de julio al 11 de agosto, en Par\u00eds, a\u00fan le resta un tramo bastante interesante, por lo que el pugilista sinaloense est\u00e1 enfocado en su preparaci\u00f3n, sin perder la ilusi\u00f3n de su debut en la llamada \u201cciudad de la luz\u201d.  <br><br>\u201cFue un nacional duro, siempre lo he dicho, los nacionales son muy duros porque hay nivel aqu\u00ed en M\u00e9xico, estoy feliz de haber podido traerme el campeonato y empezar bien el a\u00f1o\u201d, coment\u00f3 Verde \u00c1lvarez, quien por el momento tiene como sede de sus entrenamientos Mazatl\u00e1n, con el entrenador Radam\u00e9s Hern\u00e1ndez.<br><br>El boxeador \u201cpatasalada\u201d regres\u00f3 con la mano en alto del torneo que se llev\u00f3 a cabo en las instalaciones del Comit\u00e9 Ol\u00edmpico Mexicano, tras vencer en la final de la categor\u00eda de los 71 kilogramos\u00a0al mexiquense Jos\u00e9 Garc\u00eda, luego de dejar fuera en la ronda de semifinales al sonorense \u00c1ngel Serna, como representante de la Federaci\u00f3n Mexicana de Boxeo. <br><br>\u201cCreo que no podemos desperdiciar ning\u00fan d\u00eda, ni un mes, ni una semana, porque el tiempo se va volando. Me acuerdo cuando acab\u00f3 el Panamericano, todav\u00eda faltaba noviembre y diciembre, y ya se fue enero, as\u00ed que estos seis meses que quedan los tenemos que aprovechar al m\u00e1ximo\u201d, expres\u00f3. <br><br>A pesar de ya tener su boleto seguro a Par\u00eds 2024, \u201cEl Green\u201d busca llegar a la justa ol\u00edmpica en gran forma y con un buen ritmo de pelea, por lo que tiene en puerta el Continental de Boxeo, en Buenos Aires, Argentina, del 28 de marzo al 6 de abril, y el Golden Belt Series, en Marruecos, del 14 al 20 de abril, como sus pr\u00f3ximas competencias. <br><br>\u201cSe vienen los torneos, lo primordial ahora va a ser conseguir el m\u00e1ximo fogueo, eso va a ser lo primordial de aqu\u00ed hasta mayo, para ya un mes y medio, dos meses antes, simplemente concentrarnos en la preparaci\u00f3n de Juegos Ol\u00edmpicos\u201d, coment\u00f3. <br><br>El 26 de enero Marco Verde regresar\u00e1 a la Ciudad de M\u00e9xico para concentrarse en el  Centro Nacional de Alto Rendimiento (CNAR), para posteriormente viajar a Espa\u00f1a y participar en el Torneo Boxam Internacional Elite, que se disputar\u00e1 en La Nuc\u00eda entre el 30 de enero y el 3 de febrero, posteriormente quedarse en la \u201cMadre Patria\u201d, donde realizar\u00e1 un campamento, del 5 al 28 de febrero.<\/p>\n<div class='share-to-whatsapp-wrapper'><div class='share-on-whsp'>Share on: <\/div><a data-text='\u2018No podemos desperdiciar ning\u00fan d\u00eda\u2026 tenemos que aprovecharlos al m\u00e1ximo\u2019' data-link='https:\/\/portaltactica.com\/?p=80087' class='whatsapp-button whatsapp-share'>WhatsApp<\/a><div class='clear '><\/div><\/div>","protected":false},"excerpt":{"rendered":"<p>Luego de coronarse en el Campeonato Nacional Elite, Varonil y Femenil 2024, celebrado en la CDMX el boxeador mazatleco, Marco Verde,&hellip;<\/p>\n","protected":false},"author":1,"featured_media":80086,"comment_status":"closed","ping_status":"","sticky":false,"template":"","format":"standard","meta":{"advanced_seo_description":"","jetpack_seo_html_title":"","jetpack_seo_noindex":false,"_jetpack_memberships_contains_paid_content":false,"footnotes":"","jetpack_publicize_message":"","jetpack_publicize_feature_enabled":true,"jetpack_social_post_already_shared":false,"jetpack_social_options":{"image_generator_settings":{"template":"highway","default_image_id":0,"font":"","enabled":false},"version":2}},"categories":[1899,1896],"tags":[37],"class_list":["post-80087","post","type-post","status-publish","format-standard","has-post-thumbnail","hentry","category-destacado-mazatlan","category-destacado-portada","tag-imdem"],"jetpack_publicize_connections":[],"jetpack_featured_media_url":"https:\/\/portaltactica.com\/wp-content\/uploads\/2024\/01\/IMG-20240122-WA0177.jpg","jetpack_sharing_enabled":true,"_links":{"self":[{"href":"https:\/\/portaltactica.com\/index.php?rest_route=\/wp\/v2\/posts\/80087","targetHints":{"allow":["GET"]}}],"collection":[{"href":"https:\/\/portaltactica.com\/index.php?rest_route=\/wp\/v2\/posts"}],"about":[{"href":"https:\/\/portaltactica.com\/index.php?rest_route=\/wp\/v2\/types\/post"}],"author":[{"embeddable":true,"href":"https:\/\/portaltactica.com\/index.php?rest_route=\/wp\/v2\/users\/1"}],"replies":[{"embeddable":true,"href":"https:\/\/portaltactica.com\/index.php?rest_route=%2Fwp%2Fv2%2Fcomments&post=80087"}],"version-history":[{"count":1,"href":"https:\/\/portaltactica.com\/index.php?rest_route=\/wp\/v2\/posts\/80087\/revisions"}],"predecessor-version":[{"id":80088,"href":"https:\/\/portaltactica.com\/index.php?rest_route=\/wp\/v2\/posts\/80087\/revisions\/80088"}],"wp:featuredmedia":[{"embeddable":true,"href":"https:\/\/portaltactica.com\/index.php?rest_route=\/wp\/v2\/media\/80086"}],"wp:attachment":[{"href":"https:\/\/portaltactica.com\/index.php?rest_route=%2Fwp%2Fv2%2Fmedia&parent=80087"}],"wp:term":[{"taxonomy":"category","embeddable":true,"href":"https:\/\/portaltactica.com\/index.php?rest_route=%2Fwp%2Fv2%2Fcategories&post=80087"},{"taxonomy":"post_tag","embeddable":true,"href":"https:\/\/portaltactica.com\/index.php?rest_route=%2Fwp%2Fv2%2Ftags&post=80087"}],"curies":[{"name":"wp","href":"https:\/\/api.w.org\/{rel}","templated":true}]}}