{"id":80054,"date":"2024-01-22T14:09:57","date_gmt":"2024-01-22T21:09:57","guid":{"rendered":"https:\/\/portaltactica.com\/?p=80054"},"modified":"2024-01-22T14:10:04","modified_gmt":"2024-01-22T21:10:04","slug":"ter-stegen-anuncia-la-fecha-programada-para-su-retorno","status":"publish","type":"post","link":"https:\/\/portaltactica.com\/?p=80054","title":{"rendered":"Ter Stegen anuncia la fecha programada para su retorno"},"content":{"rendered":"\n<p><strong>Marc Andr\u00e9 Ter Stegen<\/strong>\u00a0se encuentra recuperando de\u00a0la operaci\u00f3n a la que se someti\u00f3 el pasado 7 de diciembre para solucionar unos problemas en la espalda\u00a0que se produjo por un mal gesto durante su \u00faltima concentraci\u00f3n con la selecci\u00f3n de Alemania, a finales de noviembre.<\/p>\n\n\n\n<p>El guardameta fue intervenido en Francia bajo la supervisi\u00f3n del jefe de los servicios m\u00e9dicos del club blaugrana, Ricard Pruna, y\u00a0<strong>su ausencia de los terrenos de juego ya se prolonga casi dos meses, en los que se ha perdido nueve partidos<\/strong>: siete de Liga, las dos primeras rondas de la Copa del Rey y la Supercopa de Espa\u00f1a.<\/p>\n\n\n\n<p>El parte m\u00e9dico, como suele ser ya norma en el Bar\u00e7a, no estipulaba un plazo de recuperaci\u00f3n.&nbsp;<strong>Ter Stegen se encarg\u00f3 de poner luz<\/strong>&nbsp;este lunes tras recibir el premio que le acredita como portero menos goleado y mejor jugador de la pasada Liga de la temporada pasada en la Gran Gala del Deporte que organiza Mundo Deportivo.<\/p>\n\n\n\n<p><strong>&#8220;En dos semanas puedo estar listo&#8221;<\/strong>, asegur\u00f3 el cancerbero alem\u00e1n, que reconoci\u00f3 estar sintiendo &#8220;buenas sensaciones&#8221;. De cumplirse sus expectativas, Ter Stegen a\u00fan se perder\u00eda el duelo de Copa este mi\u00e9rcoles contra el Athletic y la ida de una hipot\u00e9tica semifinal. Tampoco podr\u00eda situarse bajo palos en la Liga contra Villarreal, Osasuna y Alav\u00e9s.<\/p>\n\n\n\n<p><strong>Su regreso se producir\u00eda en la visita del Granada a Montju\u00efc del 11 de febrero (21.00 horas)<\/strong>. Ter Stegen no ve el momento de reaparecer, ya que reconoci\u00f3 que &#8220;se sufre mucho m\u00e1s sin jugar&#8221;.<\/p>\n\n\n\n<p>Ter Stegen aprovech\u00f3 para felicitar a sus compa\u00f1eros por la importante victoria conseguida en el Benito Villamar\u00edn (2-4), donde el Betis no hab\u00eda ca\u00eddo a\u00fan en lo que llevamos de temporada: &#8220;Estoy muy contento con la victoria ante el Betis&#8221;.<\/p>\n<div class='share-to-whatsapp-wrapper'><div class='share-on-whsp'>Share on: <\/div><a data-text='Ter Stegen anuncia la fecha programada para su retorno' data-link='https:\/\/portaltactica.com\/?p=80054' class='whatsapp-button whatsapp-share'>WhatsApp<\/a><div class='clear '><\/div><\/div>","protected":false},"excerpt":{"rendered":"<p>Marc Andr\u00e9 Ter Stegen\u00a0se encuentra recuperando de\u00a0la operaci\u00f3n a la que se someti\u00f3 el pasado 7 de diciembre para solucionar unos&hellip;<\/p>\n","protected":false},"author":2,"featured_media":80055,"comment_status":"closed","ping_status":"closed","sticky":false,"template":"","format":"standard","meta":{"advanced_seo_description":"","jetpack_seo_html_title":"","jetpack_seo_noindex":false,"_jetpack_memberships_contains_paid_content":false,"footnotes":"","jetpack_publicize_message":"","jetpack_publicize_feature_enabled":true,"jetpack_social_post_already_shared":false,"jetpack_social_options":{"image_generator_settings":{"template":"highway","default_image_id":0,"font":"","enabled":false},"version":2}},"categories":[1898],"tags":[],"class_list":["post-80054","post","type-post","status-publish","format-standard","has-post-thumbnail","hentry","category-destacado-internacional"],"jetpack_publicize_connections":[],"jetpack_featured_media_url":"https:\/\/portaltactica.com\/wp-content\/uploads\/2024\/01\/10-3.jpg","jetpack_sharing_enabled":true,"_links":{"self":[{"href":"https:\/\/portaltactica.com\/index.php?rest_route=\/wp\/v2\/posts\/80054","targetHints":{"allow":["GET"]}}],"collection":[{"href":"https:\/\/portaltactica.com\/index.php?rest_route=\/wp\/v2\/posts"}],"about":[{"href":"https:\/\/portaltactica.com\/index.php?rest_route=\/wp\/v2\/types\/post"}],"author":[{"embeddable":true,"href":"https:\/\/portaltactica.com\/index.php?rest_route=\/wp\/v2\/users\/2"}],"replies":[{"embeddable":true,"href":"https:\/\/portaltactica.com\/index.php?rest_route=%2Fwp%2Fv2%2Fcomments&post=80054"}],"version-history":[{"count":1,"href":"https:\/\/portaltactica.com\/index.php?rest_route=\/wp\/v2\/posts\/80054\/revisions"}],"predecessor-version":[{"id":80056,"href":"https:\/\/portaltactica.com\/index.php?rest_route=\/wp\/v2\/posts\/80054\/revisions\/80056"}],"wp:featuredmedia":[{"embeddable":true,"href":"https:\/\/portaltactica.com\/index.php?rest_route=\/wp\/v2\/media\/80055"}],"wp:attachment":[{"href":"https:\/\/portaltactica.com\/index.php?rest_route=%2Fwp%2Fv2%2Fmedia&parent=80054"}],"wp:term":[{"taxonomy":"category","embeddable":true,"href":"https:\/\/portaltactica.com\/index.php?rest_route=%2Fwp%2Fv2%2Fcategories&post=80054"},{"taxonomy":"post_tag","embeddable":true,"href":"https:\/\/portaltactica.com\/index.php?rest_route=%2Fwp%2Fv2%2Ftags&post=80054"}],"curies":[{"name":"wp","href":"https:\/\/api.w.org\/{rel}","templated":true}]}}