{"id":79780,"date":"2024-01-04T07:46:27","date_gmt":"2024-01-04T14:46:27","guid":{"rendered":"https:\/\/portaltactica.com\/?p=79780"},"modified":"2024-01-04T07:46:29","modified_gmt":"2024-01-04T14:46:29","slug":"kylian-mbappe-el-delantero-del-psg-dice-que-no-ha-tomado-una-decision-sobre-su-futuro","status":"publish","type":"post","link":"https:\/\/portaltactica.com\/?p=79780","title":{"rendered":"Kylian Mbapp\u00e9: El delantero del PSG dice que no ha tomado una decisi\u00f3n sobre su futuro"},"content":{"rendered":"\n<p>Kylian Mbapp\u00e9, delantero del Par\u00eds Saint-Germain, asegura que a\u00fan no ha tomado una decisi\u00f3n sobre su futuro.<\/p>\n\n\n\n<p>El contrato del capit\u00e1n de la selecci\u00f3n francesa, de 25 a\u00f1os, con el campe\u00f3n de la Ligue 1 finaliza en verano, y se le ha relacionado mucho con un traspaso al Real Madrid.<\/p>\n\n\n\n<p>Mbapp\u00e9 comunic\u00f3 en junio al PSG que no se acoger\u00eda a una opci\u00f3n de 12 meses m\u00e1s en su contrato.<\/p>\n\n\n\n<p>&#8220;En primer lugar, estoy muy, muy, muy motivado para este a\u00f1o. Es muy importante&#8221;, declar\u00f3 Mbapp\u00e9.<\/p>\n\n\n\n<p>Despu\u00e9s de marcar un gol para el PSG en la victoria por 2-0 contra el Toulouse en el Trofeo de Campeones de Francia, Mbappe a\u00f1adi\u00f3: &#8220;Como ya he dicho, tenemos t\u00edtulos que perseguir y ya hemos ganado uno, as\u00ed que eso ya est\u00e1 hecho. Despu\u00e9s, no, todav\u00eda no me he decidido.<\/p>\n\n\n\n<p>&#8220;Pero en cualquier caso, con el acuerdo al que llegu\u00e9 con el presidente [Nasser Al-Khelaifi] este verano, no importa lo que yo decida.<\/p>\n\n\n\n<p>&#8220;Conseguimos proteger a todas las partes y preservar la serenidad del club para los retos que se avecinan, que sigue siendo lo m\u00e1s importante. As\u00ed que diremos que es secundario&#8221;.<\/p>\n\n\n\n<p>Mbapp\u00e9 se uni\u00f3 al PSG en 2017, inicialmente cedido por el M\u00f3naco antes de un traspaso de 180 millones de euros (165,7 millones de libras).<\/p>\n\n\n\n<p>Estaba previsto que se marchara libre al final de la temporada 2021-22, pero finalmente firm\u00f3 una ampliaci\u00f3n de contrato de dos a\u00f1os, con opci\u00f3n a un a\u00f1o m\u00e1s.<\/p>\n\n\n\n<p>Sin embargo, despu\u00e9s de que Mbapp\u00e9 dijera al PSG que no aceptar\u00eda los 12 meses adicionales del acuerdo, no fue seleccionado para la gira de pretemporada a Jap\u00f3n en verano.<\/p>\n\n\n\n<p>Mbappe se neg\u00f3 a reunirse con representantes del Al-Hilal, equipo de la liga profesional saud\u00ed, que hizo una oferta r\u00e9cord de 259 millones de libras por \u00e9l.<\/p>\n\n\n\n<p>El delantero se reincorpor\u00f3 m\u00e1s tarde a los entrenamientos del primer equipo tras unas conversaciones &#8220;muy constructivas y positivas&#8221;, seg\u00fan el PSG.<\/p>\n\n\n\n<p>Mbapp\u00e9 rechaz\u00f3 fichar por el Real Madrid cuando acord\u00f3 su actual contrato con el PSG en mayo de 2022, pero puede que esta vez no tarde tanto en decidir sus planes.<\/p>\n\n\n\n<p>Y a\u00f1adi\u00f3: &#8220;Creo que fue a finales de mayo en 2022 porque no lo supe hasta mayo&#8221;.<\/p>\n\n\n\n<p>&#8220;Si s\u00e9 lo que quiero hacer, \u00bfpor qu\u00e9 alargarlo? No tiene sentido&#8221;.<\/p>\n\n\n\n<p>Mientras, el t\u00e9cnico del Barcelona, Xavi, ha asegurado que jugadores como Mbapp\u00e9 est\u00e1n fuera del alcance del club catal\u00e1n por su situaci\u00f3n econ\u00f3mica.<\/p>\n\n\n\n<p>&#8220;Tengo que lidiar con los jugadores que tengo, porque ahora mismo no somos capaces de pensar en ese tipo de fichajes&#8221;, dijo Xavi.<\/p>\n\n\n\n<p>&#8220;Desgraciadamente, no estamos en una situaci\u00f3n privilegiada econ\u00f3micamente para hacerlo. Me quedo con los jugadores que tengo, y con esos jugadores tenemos que ganar.&#8221;<\/p>\n<div class='share-to-whatsapp-wrapper'><div class='share-on-whsp'>Share on: <\/div><a data-text='Kylian Mbapp\u00e9: El delantero del PSG dice que no ha tomado una decisi\u00f3n sobre su futuro' data-link='https:\/\/portaltactica.com\/?p=79780' class='whatsapp-button whatsapp-share'>WhatsApp<\/a><div class='clear '><\/div><\/div>","protected":false},"excerpt":{"rendered":"<p>Kylian Mbapp\u00e9, delantero del Par\u00eds Saint-Germain, asegura que a\u00fan no ha tomado una decisi\u00f3n sobre su futuro. El contrato del capit\u00e1n&hellip;<\/p>\n","protected":false},"author":2,"featured_media":79781,"comment_status":"closed","ping_status":"closed","sticky":false,"template":"","format":"standard","meta":{"advanced_seo_description":"","jetpack_seo_html_title":"","jetpack_seo_noindex":false,"_jetpack_memberships_contains_paid_content":false,"footnotes":"","jetpack_publicize_message":"","jetpack_publicize_feature_enabled":true,"jetpack_social_post_already_shared":true,"jetpack_social_options":{"image_generator_settings":{"template":"highway","default_image_id":0,"font":"","enabled":false},"version":2}},"categories":[1896],"tags":[2023],"class_list":["post-79780","post","type-post","status-publish","format-standard","has-post-thumbnail","hentry","category-destacado-portada","tag-kylian-mbappe"],"jetpack_publicize_connections":[],"jetpack_featured_media_url":"https:\/\/portaltactica.com\/wp-content\/uploads\/2024\/01\/2-2.jpg","jetpack_sharing_enabled":true,"_links":{"self":[{"href":"https:\/\/portaltactica.com\/index.php?rest_route=\/wp\/v2\/posts\/79780","targetHints":{"allow":["GET"]}}],"collection":[{"href":"https:\/\/portaltactica.com\/index.php?rest_route=\/wp\/v2\/posts"}],"about":[{"href":"https:\/\/portaltactica.com\/index.php?rest_route=\/wp\/v2\/types\/post"}],"author":[{"embeddable":true,"href":"https:\/\/portaltactica.com\/index.php?rest_route=\/wp\/v2\/users\/2"}],"replies":[{"embeddable":true,"href":"https:\/\/portaltactica.com\/index.php?rest_route=%2Fwp%2Fv2%2Fcomments&post=79780"}],"version-history":[{"count":1,"href":"https:\/\/portaltactica.com\/index.php?rest_route=\/wp\/v2\/posts\/79780\/revisions"}],"predecessor-version":[{"id":79782,"href":"https:\/\/portaltactica.com\/index.php?rest_route=\/wp\/v2\/posts\/79780\/revisions\/79782"}],"wp:featuredmedia":[{"embeddable":true,"href":"https:\/\/portaltactica.com\/index.php?rest_route=\/wp\/v2\/media\/79781"}],"wp:attachment":[{"href":"https:\/\/portaltactica.com\/index.php?rest_route=%2Fwp%2Fv2%2Fmedia&parent=79780"}],"wp:term":[{"taxonomy":"category","embeddable":true,"href":"https:\/\/portaltactica.com\/index.php?rest_route=%2Fwp%2Fv2%2Fcategories&post=79780"},{"taxonomy":"post_tag","embeddable":true,"href":"https:\/\/portaltactica.com\/index.php?rest_route=%2Fwp%2Fv2%2Ftags&post=79780"}],"curies":[{"name":"wp","href":"https:\/\/api.w.org\/{rel}","templated":true}]}}