{"id":79683,"date":"2023-12-29T07:26:46","date_gmt":"2023-12-29T14:26:46","guid":{"rendered":"https:\/\/portaltactica.com\/?p=79683"},"modified":"2023-12-29T07:26:48","modified_gmt":"2023-12-29T14:26:48","slug":"jesus-duenas-cruz-azul-no-respeta-mis-derechos-como-futbolista","status":"publish","type":"post","link":"https:\/\/portaltactica.com\/?p=79683","title":{"rendered":"Jes\u00fas Due\u00f1as: &#8220;Cruz Azul no respeta mis derechos como futbolista&#8221;"},"content":{"rendered":"\n<p>El 11 de diciembre Jes\u00fas Due\u00f1as\u00a0regres\u00f3 a entrenar a la Noria como lo solicit\u00f3 Cruz Azul para la pretemporada, pero al llegar se encontr\u00f3 con la imagen que ning\u00fan futbolista quiere saber: no entraba en planes para el Clausura 2024. <\/p>\n\n\n\n<p>Iv\u00e1n Alonso, director deportivo del club, le comunic\u00f3 que no iba a entrenar con el primer equipo, situaci\u00f3n que desconcert\u00f3 a Due\u00f1as, quien ha sido separado del plantel y ha tenido que entrenar en horarios fuera de lo com\u00fan. <\/p>\n\n\n\n<h2 class=\"wp-block-heading has-medium-font-size\">\u00bfQu\u00e9 ha provocado todo esto en Jes\u00fas Due\u00f1as?<\/h2>\n\n\n\n<ul class=\"wp-block-list\">\n<li>Inestabilidad emocional <\/li>\n\n\n\n<li>Incertidumbre laboral <\/li>\n\n\n\n<li>Riesgos f\u00edsicos por no realizar una pretemporada adecuada <\/li>\n<\/ul>\n\n\n\n<p>Jes\u00fas Due\u00f1as\u00a0inici\u00f3 su carrera con Tigres, donde estuvo en el primer equipo desde 2011 hasta 2022, luego lleg\u00f3 a Ju\u00e1rez y Cruz Azul. Adem\u00e1s, ha sido seleccionado nacional. <\/p>\n\n\n\n<p>El futbolista revel\u00f3 que le est\u00e1 afectando an\u00edmica y laboralmente toda esta situaci\u00f3n.<\/p>\n\n\n\n<h2 class=\"wp-block-heading has-medium-font-size\">\u00bfCu\u00e1l es la situaci\u00f3n con Cruz Azul?<\/h2>\n\n\n\n<p>\u201cActualmente yo me encuentro separado desde el d\u00eda uno que el equipo regres\u00f3. Conmigo hablaron que no entraba en planes, que me presentara el d\u00eda 11 para ver mi situaci\u00f3n, para ver las opciones. Como al tercer d\u00eda fue cuando empezamos a entrenar a las 8 de la ma\u00f1ana y el equipo entrena a las 10. Nosotros esperamos al d\u00eda 11 para ver la situaci\u00f3n con el equipo o ver otra opci\u00f3n. Lleg\u00f3 el d\u00eda 28 (de diciembre) y no tengo ninguna respuesta del club ni de Iv\u00e1n Alonso ni por parte de nadie\u201d<\/p>\n\n\n\n<h2 class=\"wp-block-heading has-medium-font-size\">\u00bfQu\u00e9 le dijo Iv\u00e1n Alonso? <\/h2>\n\n\n\n<p>\u201cYo me present\u00e9 a hacer las pruebas, normal, y ya fue cuando Iv\u00e1n me dijo \u2018\u00bfpodemos hablar?\u2019 y le dije que s\u00ed. Me dijo que no entraba en los planes de la nueva directiva ni del cuerpo t\u00e9cnico y que me iban a buscar opciones, que nos ve\u00edamos el d\u00eda 11. Le dije que no pod\u00eda irme as\u00ed nada m\u00e1s, que ten\u00eda un contrato. Me dijo que me presentara el d\u00eda 11 a las 10:00. Yo no me fui de la ciudad, ya pas\u00f3 el d\u00eda 11 y no obtuve respuesta.<\/p>\n\n\n\n<p>\u201cDespu\u00e9s me encontr\u00e9 a Iv\u00e1n y le pregunt\u00e9 cu\u00e1l era la mejor opci\u00f3n porque yo tengo un contrato y ten\u00edan que respetar el contrato. Una (opci\u00f3n) es que yo me ten\u00eda que incorporar al equipo, la otra era buscar opciones y la otra era el tema de (liquidar) los 6 meses. \u00c9l me coment\u00f3 \u2018Jes\u00fas no entras en planes, no hay opciones tampoco, no hay equipo que haya preguntado por ti\u2019. Le dije s\u00ed, pero hay un contrato. Fue la \u00faltima vez que pude hablar con Iv\u00e1n, no me dice nada, dice que es un tema legal y que \u00e9l ve lo deportivo. Sigo separado del equipo, llevo as\u00ed los 28 d\u00edas desde que regresamos, (entreno) en horario diferente, usando un vestidor diferente\u201d. <\/p>\n\n\n\n<h2 class=\"wp-block-heading has-medium-font-size\"><span style=\"font-family: regular, sans-serif;font-size: 18px\">\u00bfPensar\u00edas en acudir a la Femexfut?\u00a0<\/span><\/h2>\n\n\n\n<p>\u201cEspero que se resuelva antes de acudir a la Federaci\u00f3n Mexicana, espero por el bien de todos que ellos tambi\u00e9n sean conscientes de que hay un contrato, que es lo \u00fanico que estoy peleando. Primero incorporarme al grupo y como le dije, yo tengo derecho a hacer pretemporada con el equipo\u201d <\/p>\n\n\n\n<h2 class=\"wp-block-heading has-medium-font-size\">\u00bfC\u00f3mo te sientes en el aspecto an\u00edmico? <\/h2>\n\n\n\n<p>\u201cPsicol\u00f3gicamente te pega, porque tengo un derecho, mis derechos de futbolista profesional. No nada m\u00e1s es f\u00edsicamente, psicol\u00f3gicamente te pega en el d\u00eda a d\u00eda, en no saber qu\u00e9 va a pasar, en el tema de mis hijos tambi\u00e9n, ellos me preguntan y es una inestabilidad que ellos mismos ven. No s\u00e9 si siga jugando, no s\u00e9 qu\u00e9 va a pasar, si me van a tener as\u00ed o ver otra opci\u00f3n. S\u00ed te termina pegando y m\u00e1s porque nosotros amamos el futbol, tambi\u00e9n hemos hecho muchos sacrificios para estar en el futbol. No nada m\u00e1s es en lo f\u00edsico ponte a correr y ya, lo psicol\u00f3gico, ya tambi\u00e9n lo viv\u00ed hace 6 meses en Ju\u00e1rez, me toca vivirlo nuevamente. Entonces espero que esto termine pronto, no nada m\u00e1s por el tema de la salud f\u00edsica sino de salud mental\u201d <\/p>\n\n\n\n<h2 class=\"wp-block-heading has-medium-font-size\">\u00bfConsideras que los derechos del futbolista mexicano no son respetados como deber\u00edan?<\/h2>\n\n\n\n<p>\u201cYo te hablo de lo que viv\u00ed hace seis meses y ahora me toca vivir: No, no son respetados tal cual lo estoy viviendo, tal cual lo viv\u00ed en FC Ju\u00e1rez con dos meses separado, entrenando a las 4:30 de la tarde con 45 grados. Las condiciones no son las mismas que cuando entrenas con el equipo, el tema de la hidrataci\u00f3n, la cancha, no es lo mismo. Pr\u00e1cticamente dur\u00e9 dos meses al llegar a Cruz Azul, el primer d\u00eda, despu\u00e9s de no hacer pretemporada, me lastim\u00e9 un tend\u00f3n, despu\u00e9s el otro tend\u00f3n, me termin\u00e9 desgarrando 14 cent\u00edmetros. <\/p>\n\n\n\n<p>\u201cPreguntaba muchas veces \u00bfqu\u00e9 pasa? si yo en esto del futbol, gracias a Dios, en mi carrera no me hab\u00eda pasado. Me dec\u00edan que es el tema de una buena pretemporada. No es lo mismo estar corriendo y fue cuando dije, espero que no le pase a m\u00e1s jugadores. Que respeten que hay un contrato porque uno como jugador cuando se equivoca hay consecuencias, que sea parejo, que se respeten los derechos del jugador porque somos seres humanos y tambi\u00e9n nos afecta el maltrato, que nos priven de lo que nos gusta que es entrenar, jugar. Yo s\u00ed pedir\u00eda que se respeten m\u00e1s los derechos del futbolista profesional\u201d. <\/p>\n<div class='share-to-whatsapp-wrapper'><div class='share-on-whsp'>Share on: <\/div><a data-text='Jes\u00fas Due\u00f1as: \"Cruz Azul no respeta mis derechos como futbolista\"' data-link='https:\/\/portaltactica.com\/?p=79683' class='whatsapp-button whatsapp-share'>WhatsApp<\/a><div class='clear '><\/div><\/div>","protected":false},"excerpt":{"rendered":"<p>El 11 de diciembre Jes\u00fas Due\u00f1as\u00a0regres\u00f3 a entrenar a la Noria como lo solicit\u00f3 Cruz Azul para la pretemporada, pero al&hellip;<\/p>\n","protected":false},"author":2,"featured_media":79684,"comment_status":"closed","ping_status":"closed","sticky":false,"template":"","format":"standard","meta":{"advanced_seo_description":"","jetpack_seo_html_title":"","jetpack_seo_noindex":false,"_jetpack_memberships_contains_paid_content":false,"footnotes":"","jetpack_publicize_message":"","jetpack_publicize_feature_enabled":true,"jetpack_social_post_already_shared":true,"jetpack_social_options":{"image_generator_settings":{"template":"highway","default_image_id":0,"font":"","enabled":false},"version":2}},"categories":[1897],"tags":[],"class_list":["post-79683","post","type-post","status-publish","format-standard","has-post-thumbnail","hentry","category-destacado-nacional"],"jetpack_publicize_connections":[],"jetpack_featured_media_url":"https:\/\/portaltactica.com\/wp-content\/uploads\/2023\/12\/2-16.jpg","jetpack_sharing_enabled":true,"_links":{"self":[{"href":"https:\/\/portaltactica.com\/index.php?rest_route=\/wp\/v2\/posts\/79683","targetHints":{"allow":["GET"]}}],"collection":[{"href":"https:\/\/portaltactica.com\/index.php?rest_route=\/wp\/v2\/posts"}],"about":[{"href":"https:\/\/portaltactica.com\/index.php?rest_route=\/wp\/v2\/types\/post"}],"author":[{"embeddable":true,"href":"https:\/\/portaltactica.com\/index.php?rest_route=\/wp\/v2\/users\/2"}],"replies":[{"embeddable":true,"href":"https:\/\/portaltactica.com\/index.php?rest_route=%2Fwp%2Fv2%2Fcomments&post=79683"}],"version-history":[{"count":1,"href":"https:\/\/portaltactica.com\/index.php?rest_route=\/wp\/v2\/posts\/79683\/revisions"}],"predecessor-version":[{"id":79685,"href":"https:\/\/portaltactica.com\/index.php?rest_route=\/wp\/v2\/posts\/79683\/revisions\/79685"}],"wp:featuredmedia":[{"embeddable":true,"href":"https:\/\/portaltactica.com\/index.php?rest_route=\/wp\/v2\/media\/79684"}],"wp:attachment":[{"href":"https:\/\/portaltactica.com\/index.php?rest_route=%2Fwp%2Fv2%2Fmedia&parent=79683"}],"wp:term":[{"taxonomy":"category","embeddable":true,"href":"https:\/\/portaltactica.com\/index.php?rest_route=%2Fwp%2Fv2%2Fcategories&post=79683"},{"taxonomy":"post_tag","embeddable":true,"href":"https:\/\/portaltactica.com\/index.php?rest_route=%2Fwp%2Fv2%2Ftags&post=79683"}],"curies":[{"name":"wp","href":"https:\/\/api.w.org\/{rel}","templated":true}]}}