{"id":79585,"date":"2023-12-23T13:01:55","date_gmt":"2023-12-23T20:01:55","guid":{"rendered":"https:\/\/portaltactica.com\/?p=79585"},"modified":"2023-12-23T13:01:58","modified_gmt":"2023-12-23T20:01:58","slug":"laporta-da-su-aprobacion-a-rafa-marquez-como-primera-opcion-para-el-banquillo-cule","status":"publish","type":"post","link":"https:\/\/portaltactica.com\/?p=79585","title":{"rendered":"Laporta da su aprobaci\u00f3n a Rafa M\u00e1rquez como primera opci\u00f3n para el banquillo cul\u00e9"},"content":{"rendered":"\n<p>Si en alg\u00fan momento la relaci\u00f3n del\u00a0<strong>FC Barcelona<\/strong>y el director t\u00e9cnico\u00a0<strong>Xavi Hern\u00e1ndez<\/strong>\u00a0llega a su fin, uno de los candidatos naturales a tomar el banquillo del equipo blaugrana es el mexicano\u00a0<strong>Rafael M\u00e1rquez.\u00a0<\/strong>Ha trascendido en las \u00faltimas horas que el presidente del equipo, Joan Laporta, siente un enorme cari\u00f1o, respeto y admiraci\u00f3n por el\u00a0<strong>Kaiser de Zamora<\/strong>.<\/p>\n\n\n\n<p>De acuerdo con informaci\u00f3n de la cadena Cope: \u201c<strong>Laporta\u00a0est\u00e1 encantado con el trabajo de\u00a0Rafa M\u00e1rquez<\/strong>\u00a0y ha dejado muy claro que, si en alg\u00fan momento Xavi\u00a0decidiera seguir otro camino,\u00a0<strong>entonces el elegido ser\u00eda el\u00a0t\u00e9cnico mexicano.<\/strong>\u00a0Con eso no tiene ninguna duda\u201d. Por lo que el panorama luce prometedor para el ex Seleccionado Azteca.<\/p>\n\n\n\n<p>Cabe destacar que\u00a0<strong>Rafa M\u00e1rquez, es actualmente director t\u00e9cnico del Barcelona Athletic<\/strong>\u00a0y ha logrado llenarse de elogios que inician por el presidente de la instituci\u00f3n, hacia el trabajo del ex defensor central del equipo<strong>\u00a0Azulgrana.<\/strong><\/p>\n\n\n\n<p>De igual manera\u00a0<strong>Joan Laporta<\/strong>, ha manifestado que\u00a0<strong>M\u00e1rquez \u00c1lvarez<\/strong>,\u00a0<strong>no ser\u00eda un estratega interino,<\/strong>\u00a0de darse el escenario pertinente,\u00a0<strong>ser\u00eda el encargado del Club de manera oficial.<\/strong>\u00a0Una de las m\u00e1ximas responsabilidades, sino es que la mayor,\u00a0<strong>para un mexicano en la historia.<\/strong><\/p>\n\n\n\n<p>De momento, ha trascendido que el equipo cul\u00e9,\u00a0<strong>no est\u00e1 muy c\u00f3modo con el trabajo de Xavi Hern\u00e1ndez<\/strong>, la \u00faltima derrota en Estados Unido ante el Am\u00e9rica, y el no estar en la cima del futbol de Espa\u00f1a,\u00a0<strong>tiene molesta a las altas esferas del Barcelona.<\/strong><\/p>\n\n\n\n<p>Por su parte el michoacano\u00a0<strong>Rafael M\u00e1rquez<\/strong>, est\u00e1 dirigiendo al equipo a la inferior de los blaugranas desde el 28 de junio del 2022; previo a su llegada, pas\u00f3 por el\u00a0<strong>Real Alcal\u00e1 Cadete A<\/strong>\u00a0y de ah\u00ed, el buen manejo que ha tenido con los jovenes del\u00a0<strong>cuadro catal\u00e1n.<\/strong><\/p>\n<div class='share-to-whatsapp-wrapper'><div class='share-on-whsp'>Share on: <\/div><a data-text='Laporta da su aprobaci\u00f3n a Rafa M\u00e1rquez como primera opci\u00f3n para el banquillo cul\u00e9' data-link='https:\/\/portaltactica.com\/?p=79585' class='whatsapp-button whatsapp-share'>WhatsApp<\/a><div class='clear '><\/div><\/div>","protected":false},"excerpt":{"rendered":"<p>Si en alg\u00fan momento la relaci\u00f3n del\u00a0FC Barcelonay el director t\u00e9cnico\u00a0Xavi Hern\u00e1ndez\u00a0llega a su fin, uno de los candidatos naturales a&hellip;<\/p>\n","protected":false},"author":2,"featured_media":79586,"comment_status":"closed","ping_status":"closed","sticky":false,"template":"","format":"standard","meta":{"advanced_seo_description":"","jetpack_seo_html_title":"","jetpack_seo_noindex":false,"_jetpack_memberships_contains_paid_content":false,"footnotes":"","jetpack_publicize_message":"","jetpack_publicize_feature_enabled":true,"jetpack_social_post_already_shared":true,"jetpack_social_options":{"image_generator_settings":{"template":"highway","default_image_id":0,"font":"","enabled":false},"version":2}},"categories":[1898],"tags":[],"class_list":["post-79585","post","type-post","status-publish","format-standard","has-post-thumbnail","hentry","category-destacado-internacional"],"jetpack_publicize_connections":[],"jetpack_featured_media_url":"https:\/\/portaltactica.com\/wp-content\/uploads\/2023\/12\/6-6.png","jetpack_sharing_enabled":true,"_links":{"self":[{"href":"https:\/\/portaltactica.com\/index.php?rest_route=\/wp\/v2\/posts\/79585","targetHints":{"allow":["GET"]}}],"collection":[{"href":"https:\/\/portaltactica.com\/index.php?rest_route=\/wp\/v2\/posts"}],"about":[{"href":"https:\/\/portaltactica.com\/index.php?rest_route=\/wp\/v2\/types\/post"}],"author":[{"embeddable":true,"href":"https:\/\/portaltactica.com\/index.php?rest_route=\/wp\/v2\/users\/2"}],"replies":[{"embeddable":true,"href":"https:\/\/portaltactica.com\/index.php?rest_route=%2Fwp%2Fv2%2Fcomments&post=79585"}],"version-history":[{"count":1,"href":"https:\/\/portaltactica.com\/index.php?rest_route=\/wp\/v2\/posts\/79585\/revisions"}],"predecessor-version":[{"id":79587,"href":"https:\/\/portaltactica.com\/index.php?rest_route=\/wp\/v2\/posts\/79585\/revisions\/79587"}],"wp:featuredmedia":[{"embeddable":true,"href":"https:\/\/portaltactica.com\/index.php?rest_route=\/wp\/v2\/media\/79586"}],"wp:attachment":[{"href":"https:\/\/portaltactica.com\/index.php?rest_route=%2Fwp%2Fv2%2Fmedia&parent=79585"}],"wp:term":[{"taxonomy":"category","embeddable":true,"href":"https:\/\/portaltactica.com\/index.php?rest_route=%2Fwp%2Fv2%2Fcategories&post=79585"},{"taxonomy":"post_tag","embeddable":true,"href":"https:\/\/portaltactica.com\/index.php?rest_route=%2Fwp%2Fv2%2Ftags&post=79585"}],"curies":[{"name":"wp","href":"https:\/\/api.w.org\/{rel}","templated":true}]}}