{"id":79541,"date":"2023-12-22T09:54:18","date_gmt":"2023-12-22T16:54:18","guid":{"rendered":"https:\/\/portaltactica.com\/?p=79541"},"modified":"2023-12-22T09:54:20","modified_gmt":"2023-12-22T16:54:20","slug":"jesus-corona-se-encamina-hacia-el-retiro-al-graduarse-como-director-tecnico","status":"publish","type":"post","link":"https:\/\/portaltactica.com\/?p=79541","title":{"rendered":"Jes\u00fas Corona se encamina hacia el retiro al graduarse como director t\u00e9cnico"},"content":{"rendered":"\n<p><span style=\"font-family: sourcesans, sans-serif;font-size: 18px\">El tiempo no perdona y en el entorno de<\/span><span style=\"margin: 0px;padding: 0px;border: 0px;font-size: 18px;background-image: initial;background-position: initial;background-size: initial;background-attachment: initial;font-weight: 600;font-family: sourcesans, sans-serif\">\u00a0Jos\u00e9 de Jes\u00fas Corona<\/span><span style=\"font-family: sourcesans, sans-serif;font-size: 18px\">, actual portero de\u00a0<\/span><span style=\"margin: 0px;padding: 0px;border: 0px;font-weight: 600\">Xolos de Tijuana<\/span><span style=\"font-family: sourcesans, sans-serif;font-size: 18px\">, pero con una trayectoria de casi 21 a\u00f1os en donde defendi\u00f3 los colores de Atlas, Tecos y Cruz Azul,\u00a0<\/span><span style=\"margin: 0px;padding: 0px;border: 0px;font-size: 18px;background-image: initial;background-position: initial;background-size: initial;background-attachment: initial;font-weight: 600;font-family: sourcesans, sans-serif\">se empieza a analizar muy seriamente el momento de colgar los guantes<\/span><span style=\"font-family: sourcesans, sans-serif;font-size: 18px\">\u00a0y pensar en otra funci\u00f3n dentro del futbol.<\/span><\/p>\n\n\n\n<p>El experimentado guardameta ganador de la medalla de oro en Londres 2012 y parte de los equipos mundialistas de 2006, 2014 y 2018,<strong>\u00a0revel\u00f3 que ha empezado a tomar providencias cuando llegue el momento de decir el adi\u00f3s<\/strong>\u00a0y el primer paso ha sido obtener su t\u00edtulo de director t\u00e9cnico que hace apenas unos cuantos d\u00edas recibi\u00f3 el t\u00edtulo que lo acredita como estratega profesional.<\/p>\n\n\n\n<p>\u201c<strong>Por lo pronto tenemos seis meses m\u00e1s de lo que hab\u00edamos pactado aqu\u00ed en Tijuana<\/strong>, obviamente tenemos esa idea de cerrar el a\u00f1o de contrato e ir pensando hac\u00eda que rumbo llegar, hac\u00eda que rumbo dirigirnos, pero primero era importante tener un t\u00edtulo en direcci\u00f3n t\u00e9cnica y que hace una semana me lo acaban de entregar.<\/p>\n\n\n\n<p>Al respecto, Chuy Corona a\u00f1adi\u00f3 que\u00a0<strong>en sus planes tambi\u00e9n esta tomar un curso en direcci\u00f3n deportiva\u00a0<\/strong>para tambi\u00e9n tener m\u00e1s armas con las cuales encarar lo que vendr\u00e1 en su futuro, que podr\u00eda estar en las canchas o detr\u00e1s de un escritorio en una direcci\u00f3n o gerencia deportiva.<\/p>\n\n\n\n<p>\u201c<strong>Estoy muy contento por esa situaci\u00f3n de ya tener el t\u00edtulo en direcci\u00f3n t\u00e9cnica<\/strong>, pero ahora me gustar\u00eda tambi\u00e9n empezar un curso en direcci\u00f3n deportiva, de gerencia deportiva y al finalizar mi carrera tomarme un tiempo para decidir hac\u00eda que rumbo agarrar, si ser un director t\u00e9cnico y e<strong>star en cancha o un directivo y creo que eso ser\u00e1 importante en hacer el an\u00e1lisis<\/strong>, pero ya desde ahora ya estamos pensando en ese momento que est\u00e1 pr\u00f3ximo en culminarse, pero si, estar preparado para el momento en que me decida saber que rumbo\u201d, resalt\u00f3.<\/p>\n\n\n\n<p><em><strong>\u00bfYa lo consultaste con la familia, que te dice tu esposa y tus hijos, todav\u00eda te quieren seguir viendo en la cancha, porque a veces los jugadores no se quieren ir y su prestigio ya no lo defienden igual?<\/strong><\/em><\/p>\n\n\n\n<p>Lo he platicado con ellos, siempre he tomado en cuenta a mi esposa en este tipo de decisiones, ella me ve bien, todav\u00eda disfrutando este momento, obviamente estamos peleando deportivamente hablando por un puesto titular, me gusta la competencia deportiva que tengo con Antonio Rodr\u00edguez, donde estamos aportando para que se supere y en un rol de apoyar a los compa\u00f1eros en general.<\/p>\n\n\n\n<p>Tambi\u00e9n agreg\u00f3 que \u201c<strong>sin lugar a duda siempre es importante el respaldo de tu familia&nbsp;<\/strong>y que en este momento hasta la fecha me ven con esa motivaci\u00f3n, mi gente, por lo que creo que por lo pronto sigo disfrutando el d\u00eda a d\u00eda de ser profesional\u201d, coment\u00f3.<\/p>\n\n\n\n<p>Tambi\u00e9n dijo que \u201cobviamente nos gustar\u00eda estar jugando, pero&nbsp;<strong>reconocemos que estamos en otra posici\u00f3n, claro con las facultades al cien por ciento<\/strong>, porque de lo contrario ya habr\u00eda dado un paso al costado. Por lo pronto me siento bien f\u00edsica y t\u00e9cnicamente y eso es importante para seguir activo, ya que me siento que puedo aportar.<\/p>\n\n\n\n<p><em><strong>\u00bfEntonces todav\u00eda hay que esperar un tiempo en lo que se refiere a tu retiro?<\/strong><\/em><\/p>\n\n\n\n<p>Si vamos a esperar, creo que algo importante tambi\u00e9n es lo que se habl\u00f3 con Jorge Alberto Hank, presidente de Xolos de Tijuana, donde soy un agradecido por esa oportunidad de pertenecer a esta instituci\u00f3n y en lo cual me dijo en su momento que lo analizara, que no hab\u00eda problema con la edad, \u00e9l me dijo pi\u00e9nsalo bien, tienes un a\u00f1o, tu sabes, analiza la situaci\u00f3n de c\u00f3mo te sientes futbol\u00edsticamente, f\u00edsicamente, no tengo problemas porque sigas, pero lo vamos a analizar, vamos paso a paso, veremos como estamos en ese momento, vamos paso a paso, pero ser\u00e1 importante disfrutar el d\u00eda a d\u00eda, inclusive ayer platicaba con To\u00f1o de como me sent\u00eda, de c\u00f3mo se disfrutan estos momentos del entrenamiento, de estar en un vestidor, de entregarme a los entrenamientos y cuando llegue ese momento lo voy a extra\u00f1ar bastante.<\/p>\n\n\n\n<p><em><strong>\u00bfC\u00f3mo asimila un gran veterano estar en la banca y asimilar la competencia?<\/strong><\/em><\/p>\n\n\n\n<p>Fue importante que fueron muy claro cuando me contactaron, de que iba a haber competencia, de que ven\u00eda a aportar y al final la decisi\u00f3n la iba a tomar Miguel, fue muy importante que fueran transparentes y frontales cuando hablaron conmigo, yo les ped\u00ed que me dejaran competir, que iba a aportar de mi parte, ya sea jugando o desde la banca, eso fue importante, porque debemos ser comprometidos con uno mismo, con la instituci\u00f3n y con los compa\u00f1eros, creo que vengo a aportar lo que est\u00e1 de mi parte, si me tocara jugar me entregar\u00eda totalmente y de igual manera ahora que no puedo jugar.<\/p>\n\n\n\n<p>Hay que empujar a los compa\u00f1eros, uno trata poco a poco de ense\u00f1arles, de entregarse en todo a esta profesi\u00f3n.<\/p>\n\n\n\n<p><\/p>\n\n\n\n<p style=\"font-size:9px\"><em>Fuente: AS M\u00e9xico.<\/em><\/p>\n<div class='share-to-whatsapp-wrapper'><div class='share-on-whsp'>Share on: <\/div><a data-text='Jes\u00fas Corona se encamina hacia el retiro al graduarse como director t\u00e9cnico' data-link='https:\/\/portaltactica.com\/?p=79541' class='whatsapp-button whatsapp-share'>WhatsApp<\/a><div class='clear '><\/div><\/div>","protected":false},"excerpt":{"rendered":"<p>El tiempo no perdona y en el entorno de\u00a0Jos\u00e9 de Jes\u00fas Corona, actual portero de\u00a0Xolos de Tijuana, pero con una trayectoria&hellip;<\/p>\n","protected":false},"author":2,"featured_media":79542,"comment_status":"closed","ping_status":"closed","sticky":false,"template":"","format":"standard","meta":{"advanced_seo_description":"","jetpack_seo_html_title":"","jetpack_seo_noindex":false,"_jetpack_memberships_contains_paid_content":false,"footnotes":"","jetpack_publicize_message":"","jetpack_publicize_feature_enabled":true,"jetpack_social_post_already_shared":true,"jetpack_social_options":{"image_generator_settings":{"template":"highway","default_image_id":0,"font":"","enabled":false},"version":2}},"categories":[1897],"tags":[],"class_list":["post-79541","post","type-post","status-publish","format-standard","has-post-thumbnail","hentry","category-destacado-nacional"],"jetpack_publicize_connections":[],"jetpack_featured_media_url":"https:\/\/portaltactica.com\/wp-content\/uploads\/2023\/12\/4-16.jpg","jetpack_sharing_enabled":true,"_links":{"self":[{"href":"https:\/\/portaltactica.com\/index.php?rest_route=\/wp\/v2\/posts\/79541","targetHints":{"allow":["GET"]}}],"collection":[{"href":"https:\/\/portaltactica.com\/index.php?rest_route=\/wp\/v2\/posts"}],"about":[{"href":"https:\/\/portaltactica.com\/index.php?rest_route=\/wp\/v2\/types\/post"}],"author":[{"embeddable":true,"href":"https:\/\/portaltactica.com\/index.php?rest_route=\/wp\/v2\/users\/2"}],"replies":[{"embeddable":true,"href":"https:\/\/portaltactica.com\/index.php?rest_route=%2Fwp%2Fv2%2Fcomments&post=79541"}],"version-history":[{"count":1,"href":"https:\/\/portaltactica.com\/index.php?rest_route=\/wp\/v2\/posts\/79541\/revisions"}],"predecessor-version":[{"id":79543,"href":"https:\/\/portaltactica.com\/index.php?rest_route=\/wp\/v2\/posts\/79541\/revisions\/79543"}],"wp:featuredmedia":[{"embeddable":true,"href":"https:\/\/portaltactica.com\/index.php?rest_route=\/wp\/v2\/media\/79542"}],"wp:attachment":[{"href":"https:\/\/portaltactica.com\/index.php?rest_route=%2Fwp%2Fv2%2Fmedia&parent=79541"}],"wp:term":[{"taxonomy":"category","embeddable":true,"href":"https:\/\/portaltactica.com\/index.php?rest_route=%2Fwp%2Fv2%2Fcategories&post=79541"},{"taxonomy":"post_tag","embeddable":true,"href":"https:\/\/portaltactica.com\/index.php?rest_route=%2Fwp%2Fv2%2Ftags&post=79541"}],"curies":[{"name":"wp","href":"https:\/\/api.w.org\/{rel}","templated":true}]}}