{"id":79532,"date":"2023-12-22T08:29:59","date_gmt":"2023-12-22T15:29:59","guid":{"rendered":"https:\/\/portaltactica.com\/?p=79532"},"modified":"2023-12-22T08:30:00","modified_gmt":"2023-12-22T15:30:00","slug":"vuelven-a-estar-juntos-luis-suarez-sella-acuerdo-formal-con-inter-miami-y-se-reencuentra-con-messi","status":"publish","type":"post","link":"https:\/\/portaltactica.com\/?p=79532","title":{"rendered":"\u00a1Vuelven a estar juntos! Luis Su\u00e1rez sella acuerdo formal con Inter Miami y se reencuentra con Messi"},"content":{"rendered":"\n<p><strong>Luis Su\u00e1rez<\/strong>\u00a0ha firmado contrato formalmente con\u00a0<strong>Inter Miami<\/strong>, por lo que, a partir del 2024, lo veremos con la playera rosa en la nueva temporada de la\u00a0<strong>MLS<\/strong>, y, adem\u00e1s, se reencontrar\u00e1 con\u00a0<strong>Lionel Messi<\/strong>, con quien hizo una dupla magnifica con el\u00a0<strong>Barcelona<\/strong>, y un tridente espectacular cuando\u00a0<strong>Neym<\/strong><a href=\"http:\/\/record.com.mx\/futbol-futbol-internacional-internacionales\/neymar-se-pierde-la-copa-america-2024-asegura-doctor-de\" target=\"_blank\" rel=\"noreferrer noopener\"><strong>ar<\/strong><\/a>\u00a0estaba en el equipo cul\u00e9.<\/p>\n\n\n\n<p>De acuerdo con informaci\u00f3n del periodista europeo experto en fichajes, Fabrizio Romano, el delantero charr\u00faa firm\u00f3 contrato por un a\u00f1o con opci\u00f3n a uno m\u00e1s, por lo que lo dejar\u00eda todo 2024 y todo 2025.<\/p>\n\n\n\n<p>El mismo comunicador se\u00f1ala que es cuesti\u00f3n de horas o de d\u00edas para que el&nbsp;<strong>Inter Miami<\/strong>&nbsp;d\u00e9 por oficial la llegada de&nbsp;<strong>Luis Su\u00e1rez<\/strong>&nbsp;a su equipo; donde adem\u00e1s de reencontrarse con&nbsp;<strong>Messi<\/strong>, tambi\u00e9n jugar\u00e1 de nuevo con&nbsp;<strong>Sergio Busquets<\/strong>&nbsp;y&nbsp;<strong>Jordi Alba<\/strong>, viejos conocidos tambi\u00e9n en&nbsp;<strong>Barcelona<\/strong>.<\/p>\n\n\n\n<p>En su \u00faltimo desaf\u00edo,&nbsp;<strong>Lucho Su\u00e1rez<\/strong>&nbsp;visti\u00f3 la playera del&nbsp;<strong>Gremio<\/strong>&nbsp;de Brasil, donde no pudo coronarse y termin\u00f3 como subl\u00edder de la temporada. Ahora, con&nbsp;<strong>Inter Miami<\/strong>,&nbsp;<strong>Su\u00e1rez<\/strong>&nbsp;buscar\u00e1 darle el primer t\u00edtulo de la&nbsp;<strong>MLS<\/strong>&nbsp;al equipo de&nbsp;<strong>David Beckham<\/strong>, y en su b\u00fasqueda lo har\u00e1 junto con&nbsp;<strong>Messi<\/strong>.<\/p>\n<div class='share-to-whatsapp-wrapper'><div class='share-on-whsp'>Share on: <\/div><a data-text='\u00a1Vuelven a estar juntos! Luis Su\u00e1rez sella acuerdo formal con Inter Miami y se reencuentra con Messi' data-link='https:\/\/portaltactica.com\/?p=79532' class='whatsapp-button whatsapp-share'>WhatsApp<\/a><div class='clear '><\/div><\/div>","protected":false},"excerpt":{"rendered":"<p>Luis Su\u00e1rez\u00a0ha firmado contrato formalmente con\u00a0Inter Miami, por lo que, a partir del 2024, lo veremos con la playera rosa en&hellip;<\/p>\n","protected":false},"author":2,"featured_media":79533,"comment_status":"closed","ping_status":"closed","sticky":false,"template":"","format":"standard","meta":{"advanced_seo_description":"","jetpack_seo_html_title":"","jetpack_seo_noindex":false,"_jetpack_memberships_contains_paid_content":false,"footnotes":"","jetpack_publicize_message":"","jetpack_publicize_feature_enabled":true,"jetpack_social_post_already_shared":true,"jetpack_social_options":{"image_generator_settings":{"template":"highway","default_image_id":0,"font":"","enabled":false},"version":2}},"categories":[1896],"tags":[],"class_list":["post-79532","post","type-post","status-publish","format-standard","has-post-thumbnail","hentry","category-destacado-portada"],"jetpack_publicize_connections":[],"jetpack_featured_media_url":"https:\/\/portaltactica.com\/wp-content\/uploads\/2023\/12\/1-15.jpg","jetpack_sharing_enabled":true,"_links":{"self":[{"href":"https:\/\/portaltactica.com\/index.php?rest_route=\/wp\/v2\/posts\/79532","targetHints":{"allow":["GET"]}}],"collection":[{"href":"https:\/\/portaltactica.com\/index.php?rest_route=\/wp\/v2\/posts"}],"about":[{"href":"https:\/\/portaltactica.com\/index.php?rest_route=\/wp\/v2\/types\/post"}],"author":[{"embeddable":true,"href":"https:\/\/portaltactica.com\/index.php?rest_route=\/wp\/v2\/users\/2"}],"replies":[{"embeddable":true,"href":"https:\/\/portaltactica.com\/index.php?rest_route=%2Fwp%2Fv2%2Fcomments&post=79532"}],"version-history":[{"count":1,"href":"https:\/\/portaltactica.com\/index.php?rest_route=\/wp\/v2\/posts\/79532\/revisions"}],"predecessor-version":[{"id":79534,"href":"https:\/\/portaltactica.com\/index.php?rest_route=\/wp\/v2\/posts\/79532\/revisions\/79534"}],"wp:featuredmedia":[{"embeddable":true,"href":"https:\/\/portaltactica.com\/index.php?rest_route=\/wp\/v2\/media\/79533"}],"wp:attachment":[{"href":"https:\/\/portaltactica.com\/index.php?rest_route=%2Fwp%2Fv2%2Fmedia&parent=79532"}],"wp:term":[{"taxonomy":"category","embeddable":true,"href":"https:\/\/portaltactica.com\/index.php?rest_route=%2Fwp%2Fv2%2Fcategories&post=79532"},{"taxonomy":"post_tag","embeddable":true,"href":"https:\/\/portaltactica.com\/index.php?rest_route=%2Fwp%2Fv2%2Ftags&post=79532"}],"curies":[{"name":"wp","href":"https:\/\/api.w.org\/{rel}","templated":true}]}}