{"id":79485,"date":"2023-12-20T14:54:17","date_gmt":"2023-12-20T21:54:17","guid":{"rendered":"https:\/\/portaltactica.com\/?p=79485"},"modified":"2023-12-20T14:54:20","modified_gmt":"2023-12-20T21:54:20","slug":"rumbo-a-monterrey-rayados-busca-la-incorporacion-de-richard-sanchez-y-cabecita-rodriguez","status":"publish","type":"post","link":"https:\/\/portaltactica.com\/?p=79485","title":{"rendered":"\u00bfRumbo a Monterrey? Rayados busca la incorporaci\u00f3n de Richard S\u00e1nchez y &#8216;Cabecita&#8217; Rodr\u00edguez"},"content":{"rendered":"\n<p>Intentan convencerlos. La directiva rayada quiere unir\u00a0a su Pandilla\u00a0a\u00a0<strong>Jonathan Rodr\u00edguez<\/strong>\u00a0y a\u00a0<strong>Richard S\u00e1nchez<\/strong>, campeones con\u00a0<strong>Am\u00e9rica<\/strong>. Todav\u00eda est\u00e1 muy fresco el t\u00edtulo de las \u00c1guilas y en la Sultana del Norte ya planean la siguiente temporada con un par de futbolistas azulcrema.<\/p>\n\n\n\n<p>Se pudo saber que Rayados est\u00e1 tentando a los sudamericanos, quienes perdieron protagonismo con la llegada de\u00a0<strong>Andr\u00e9 Jardine<\/strong>, pues ambos pasaron de ser titulares con el propio Fernando Ortiz a ser suplentes con el director t\u00e9cnico brasile\u00f1o.<\/p>\n\n\n\n<p>Existe una versi\u00f3n que el &#8216;Cabecita&#8217; s\u00ed est\u00e1 muy inconforme con ser suplente, ya que el titular en esa posici\u00f3n es<strong>\u00a0Juli\u00e1n Qui\u00f1ones<\/strong>\u00a0y no hay manera en que pueda quitarle ese lugar, adem\u00e1s de que tambi\u00e9n est\u00e1 su compatriota\u00a0<strong>Brian Rodr\u00edguez\u00a0<\/strong>en esa zona, y aunque Jonathan es el\u00a0cambio habitual, ya con el &#8216;Rayo&#8217; recuperado podr\u00eda pasar a ser hasta tercera opci\u00f3n.<\/p>\n\n\n\n<p>Por lo tanto, Rodr\u00edguez est\u00e1 muy interesado en escuchar la propuesta de\u00a0<strong>Rayados<\/strong>\u00a0en la que de entrada le garantizar\u00e1n mayor actividad que la que hoy tiene en las \u00c1guilas, pues para el Tano, el &#8216;Cabecita&#8217; siempre fue un elemento habitual en su paso como entrenador americanista.<\/p>\n\n\n\n<p>El caso de Richard no es tan distinto tomando en cuenta que termin\u00f3 siendo el cambio de\u00a0<strong>Jonathan Dos Santos<\/strong>, a quien por cierto renovaron un a\u00f1o m\u00e1s. Si bien el mediocampista paraguayo todav\u00eda tiene contrato con el club, parece que con el t\u00edtulo pudo haber concluido su etapa en Coapa.<\/p>\n\n\n\n<p>Por su cuenta, la directiva es consciente de que este es el momento para vender al paraguayo, ya que se ir\u00eda siendo campe\u00f3n, seleccionado de su pa\u00eds, con un nivel importante y especialmente con edad para seguir en proyecci\u00f3n varios a\u00f1os m\u00e1s, por lo que est\u00e1n abiertos a escuchar ofertas.<\/p>\n<div class='share-to-whatsapp-wrapper'><div class='share-on-whsp'>Share on: <\/div><a data-text='\u00bfRumbo a Monterrey? Rayados busca la incorporaci\u00f3n de Richard S\u00e1nchez y 'Cabecita' Rodr\u00edguez' data-link='https:\/\/portaltactica.com\/?p=79485' class='whatsapp-button whatsapp-share'>WhatsApp<\/a><div class='clear '><\/div><\/div>","protected":false},"excerpt":{"rendered":"<p>Intentan convencerlos. La directiva rayada quiere unir\u00a0a su Pandilla\u00a0a\u00a0Jonathan Rodr\u00edguez\u00a0y a\u00a0Richard S\u00e1nchez, campeones con\u00a0Am\u00e9rica. Todav\u00eda est\u00e1 muy fresco el t\u00edtulo de&hellip;<\/p>\n","protected":false},"author":2,"featured_media":79486,"comment_status":"closed","ping_status":"closed","sticky":false,"template":"","format":"standard","meta":{"advanced_seo_description":"","jetpack_seo_html_title":"","jetpack_seo_noindex":false,"_jetpack_memberships_contains_paid_content":false,"footnotes":"","jetpack_publicize_message":"","jetpack_publicize_feature_enabled":true,"jetpack_social_post_already_shared":true,"jetpack_social_options":{"image_generator_settings":{"template":"highway","default_image_id":0,"font":"","enabled":false},"version":2}},"categories":[1897],"tags":[],"class_list":["post-79485","post","type-post","status-publish","format-standard","has-post-thumbnail","hentry","category-destacado-nacional"],"jetpack_publicize_connections":[],"jetpack_featured_media_url":"https:\/\/portaltactica.com\/wp-content\/uploads\/2023\/12\/13-1.jpg","jetpack_sharing_enabled":true,"_links":{"self":[{"href":"https:\/\/portaltactica.com\/index.php?rest_route=\/wp\/v2\/posts\/79485","targetHints":{"allow":["GET"]}}],"collection":[{"href":"https:\/\/portaltactica.com\/index.php?rest_route=\/wp\/v2\/posts"}],"about":[{"href":"https:\/\/portaltactica.com\/index.php?rest_route=\/wp\/v2\/types\/post"}],"author":[{"embeddable":true,"href":"https:\/\/portaltactica.com\/index.php?rest_route=\/wp\/v2\/users\/2"}],"replies":[{"embeddable":true,"href":"https:\/\/portaltactica.com\/index.php?rest_route=%2Fwp%2Fv2%2Fcomments&post=79485"}],"version-history":[{"count":1,"href":"https:\/\/portaltactica.com\/index.php?rest_route=\/wp\/v2\/posts\/79485\/revisions"}],"predecessor-version":[{"id":79487,"href":"https:\/\/portaltactica.com\/index.php?rest_route=\/wp\/v2\/posts\/79485\/revisions\/79487"}],"wp:featuredmedia":[{"embeddable":true,"href":"https:\/\/portaltactica.com\/index.php?rest_route=\/wp\/v2\/media\/79486"}],"wp:attachment":[{"href":"https:\/\/portaltactica.com\/index.php?rest_route=%2Fwp%2Fv2%2Fmedia&parent=79485"}],"wp:term":[{"taxonomy":"category","embeddable":true,"href":"https:\/\/portaltactica.com\/index.php?rest_route=%2Fwp%2Fv2%2Fcategories&post=79485"},{"taxonomy":"post_tag","embeddable":true,"href":"https:\/\/portaltactica.com\/index.php?rest_route=%2Fwp%2Fv2%2Ftags&post=79485"}],"curies":[{"name":"wp","href":"https:\/\/api.w.org\/{rel}","templated":true}]}}