{"id":79481,"date":"2023-12-20T14:51:01","date_gmt":"2023-12-20T21:51:01","guid":{"rendered":"https:\/\/portaltactica.com\/?p=79481"},"modified":"2023-12-20T14:51:02","modified_gmt":"2023-12-20T21:51:02","slug":"cruz-azul-oficializa-la-presentacion-de-ivan-alonso-martin-anselmi-y-julio-cevada","status":"publish","type":"post","link":"https:\/\/portaltactica.com\/?p=79481","title":{"rendered":"Cruz Azul oficializa la presentaci\u00f3n de Iv\u00e1n Alonso, Mart\u00edn Anselmi y Julio Cevada"},"content":{"rendered":"\n<p>Trabajo en uni\u00f3n.\u00a0<strong>V\u00edctor Vel\u00e1zquez<\/strong>, presidente del\u00a0<strong>Club de Futbol Cruz Azul<\/strong>,\u00a0present\u00f3 de manera oficial a\u00a0<strong>Iv\u00e1n Alonso<\/strong>, director deportivo,\u00a0<strong>Mart\u00edn Anselmi<\/strong>, estratega del primer equipo y\u00a0<strong>Julio Cevada<\/strong>, en la rama femenil. El directivo mencion\u00f3 que eligi\u00f3 los perfiles\u00a0que mejor se adaptan al proyecto.<\/p>\n\n\n\n<p>\u201cDeseamos que\u00a0Cruz Azul sea un referente en la base de la Selecci\u00f3n Mexicana, como lo fue en el Mundial de 1970. Queremos ser un ejemplo en la formaci\u00f3n de jugadores mexicanos, as\u00ed como en la contrataci\u00f3n de jugadores extranjeros. Hemos elegido al que\u00a0mejor se adapta a este proyecto. Ese proyecto que va encaminado a nuestras metas deportivas\u201d, mencion\u00f3 V\u00edctor Vel\u00e1zquez, presidente del club.<\/p>\n\n\n\n<p>Por otra parte, el Ingeniero&nbsp;resalt\u00f3 que inician una nueva historia en la instituci\u00f3n cementera para recuperar la grandeza del club.&nbsp;<\/p>\n\n\n\n<p>\u201cHoy comenzamos una nueva era en la historia de nuestro club. Somos una instituci\u00f3n abierta a las cr\u00edticas. Hoy podemos decir que en Cruz Azul contamos y tenemos todas las herramientas para recuperar esa grandeza\u201d, afirm\u00f3.\u00a0<\/p>\n\n\n\n<p>A su vez, argument\u00f3 que en a\u00f1os anteriores desfilaron otras direcciones t\u00e9cnicas pero que no lograron un buen equipo de trabajo ya que no ten\u00edan &#8220;la misma filosof\u00eda\u201d.&nbsp;<\/p>\n\n\n\n<p>\u201cEn los \u00faltimos a\u00f1os pasaron direcciones t\u00e9cnicas que no iban de la mano con nuestra filosof\u00eda, con Iv\u00e1n Alonso y Mart\u00edn Anselmi tenemos la misma filosof\u00eda de lo que pretende la cooperativa\u201d, agreg\u00f3.<\/p>\n<div class='share-to-whatsapp-wrapper'><div class='share-on-whsp'>Share on: <\/div><a data-text='Cruz Azul oficializa la presentaci\u00f3n de Iv\u00e1n Alonso, Mart\u00edn Anselmi y Julio Cevada' data-link='https:\/\/portaltactica.com\/?p=79481' class='whatsapp-button whatsapp-share'>WhatsApp<\/a><div class='clear '><\/div><\/div>","protected":false},"excerpt":{"rendered":"<p>Trabajo en uni\u00f3n.\u00a0V\u00edctor Vel\u00e1zquez, presidente del\u00a0Club de Futbol Cruz Azul,\u00a0present\u00f3 de manera oficial a\u00a0Iv\u00e1n Alonso, director deportivo,\u00a0Mart\u00edn Anselmi, estratega del primer&hellip;<\/p>\n","protected":false},"author":2,"featured_media":79482,"comment_status":"closed","ping_status":"closed","sticky":false,"template":"","format":"standard","meta":{"advanced_seo_description":"","jetpack_seo_html_title":"","jetpack_seo_noindex":false,"_jetpack_memberships_contains_paid_content":false,"footnotes":"","jetpack_publicize_message":"","jetpack_publicize_feature_enabled":true,"jetpack_social_post_already_shared":true,"jetpack_social_options":{"image_generator_settings":{"template":"highway","default_image_id":0,"font":"","enabled":false},"version":2}},"categories":[1897,1896],"tags":[],"class_list":["post-79481","post","type-post","status-publish","format-standard","has-post-thumbnail","hentry","category-destacado-nacional","category-destacado-portada"],"jetpack_publicize_connections":[],"jetpack_featured_media_url":"https:\/\/portaltactica.com\/wp-content\/uploads\/2023\/12\/12-5.jpg","jetpack_sharing_enabled":true,"_links":{"self":[{"href":"https:\/\/portaltactica.com\/index.php?rest_route=\/wp\/v2\/posts\/79481","targetHints":{"allow":["GET"]}}],"collection":[{"href":"https:\/\/portaltactica.com\/index.php?rest_route=\/wp\/v2\/posts"}],"about":[{"href":"https:\/\/portaltactica.com\/index.php?rest_route=\/wp\/v2\/types\/post"}],"author":[{"embeddable":true,"href":"https:\/\/portaltactica.com\/index.php?rest_route=\/wp\/v2\/users\/2"}],"replies":[{"embeddable":true,"href":"https:\/\/portaltactica.com\/index.php?rest_route=%2Fwp%2Fv2%2Fcomments&post=79481"}],"version-history":[{"count":1,"href":"https:\/\/portaltactica.com\/index.php?rest_route=\/wp\/v2\/posts\/79481\/revisions"}],"predecessor-version":[{"id":79483,"href":"https:\/\/portaltactica.com\/index.php?rest_route=\/wp\/v2\/posts\/79481\/revisions\/79483"}],"wp:featuredmedia":[{"embeddable":true,"href":"https:\/\/portaltactica.com\/index.php?rest_route=\/wp\/v2\/media\/79482"}],"wp:attachment":[{"href":"https:\/\/portaltactica.com\/index.php?rest_route=%2Fwp%2Fv2%2Fmedia&parent=79481"}],"wp:term":[{"taxonomy":"category","embeddable":true,"href":"https:\/\/portaltactica.com\/index.php?rest_route=%2Fwp%2Fv2%2Fcategories&post=79481"},{"taxonomy":"post_tag","embeddable":true,"href":"https:\/\/portaltactica.com\/index.php?rest_route=%2Fwp%2Fv2%2Ftags&post=79481"}],"curies":[{"name":"wp","href":"https:\/\/api.w.org\/{rel}","templated":true}]}}