{"id":79468,"date":"2023-12-20T11:45:39","date_gmt":"2023-12-20T18:45:39","guid":{"rendered":"https:\/\/portaltactica.com\/?p=79468"},"modified":"2023-12-20T11:45:40","modified_gmt":"2023-12-20T18:45:40","slug":"santi-gimenez-es-reconocido-como-hombre-del-ano-en-paises-bajos-ahora-me-siento-verdaderamente-como-un-delantero","status":"publish","type":"post","link":"https:\/\/portaltactica.com\/?p=79468","title":{"rendered":"Santi Gim\u00e9nez es reconocido como &#8216;Hombre del a\u00f1o&#8217; en Pa\u00edses Bajos: &#8216;Ahora me siento verdaderamente como un delantero&#8217;"},"content":{"rendered":"\n<p>El delantero mexicano\u00a0<strong>Santiago Gim\u00e9nez\u00a0<\/strong>se mantiene como un hombre importante en el\u00a0<strong>Feyenoord\u00a0<\/strong>gracias a sus goles y tambi\u00e9n en el futbol de la\u00a0<strong>Eredivisie<\/strong>\u00a0en donde es considerado como uno de los mejores jugadores actuales de la liga. Sus buenas actuaciones y el extraordinario momento que ha tenido a lo largo de este 2023 le valieron para ser considerado como el\u00a0<strong>hombre del a\u00f1o e<\/strong>n una prestigiosa revista.\u00a0<\/p>\n\n\n\n<p>La revista neerlandesa&nbsp;<em><strong>Voetbal International<\/strong><\/em>&nbsp;reconoci\u00f3 a<strong>&nbsp;Santiago Gim\u00e9nez&nbsp;<\/strong>en su portada como el hombre del a\u00f1o gracias sus \u00e9xitos individuales y colectivos. Cabe recordar que este 2023, Gim\u00e9nez se proclam\u00f3 campe\u00f3n de la Eredivisie junto al Feyenoord, adem\u00e1s rompi\u00f3 un r\u00e9cord de goleo individual que le correspond\u00eda a<strong>&nbsp;Luis Su\u00e1rez<\/strong>&nbsp;al haber anotado la mayor cantidad de goles en un a\u00f1o calendario.&nbsp;<\/p>\n\n\n\n<figure class=\"wp-block-embed is-type-rich is-provider-twitter wp-block-embed-twitter\"><div class=\"wp-block-embed__wrapper\">\n<blockquote class=\"twitter-tweet\" data-width=\"550\" data-dnt=\"true\"><p lang=\"nl\" dir=\"ltr\">\ud83c\udf84 Een extra dik kerstnummer met Tadic, Gim\u00e9nez, Brands, Seuntjens, Lang en Brobbey<br><br>\ud83d\udcd6 Hij is er weer! De unieke VI Kerstspecial. In de editie van 2023 lees je uitgebreide interviews met Santiago Gim\u00e9nez, Brian Brobbey en een portret van Noa Lang. Marcel Brands verklaart de coup\u2026 <a href=\"https:\/\/t.co\/Dk1kkylEUU\">pic.twitter.com\/Dk1kkylEUU<\/a><\/p>&mdash; Voetbal International (@VI_nl) <a href=\"https:\/\/twitter.com\/VI_nl\/status\/1737101625435513197?ref_src=twsrc%5Etfw\">December 19, 2023<\/a><\/blockquote><script async src=\"https:\/\/platform.twitter.com\/widgets.js\" charset=\"utf-8\"><\/script>\n<\/div><\/figure>\n\n\n\n<p>Por si fuera poco este a\u00f1o debut\u00f3 en\u00a0<strong>Champions League<\/strong>\u00a0y adem\u00e1s termin\u00f3 la mitad de temporada de la Eredivisie como l\u00edder de goleo individual con 18 goles y con la amenaza de romper m\u00e1s r\u00e9cords antes de terminar la temporada, por lo que se ha vuelto toda una celebridad en el pa\u00eds europeo. &#8220;Nunca pens\u00e9 que anotar\u00eda tanto; 31, es bastante en un a\u00f1o calendario. Cualquiera que me conozca sabe que nunca me atribuyo el \u00e9xito.<\/p>\n\n\n\n<p>&#8220;Gracias Dios. \u00c9l me dej\u00f3 vivir esta vida, me hizo amar al Feyenoord, porque eso es lo que hago. La afici\u00f3n se merece un delantero que marque y estoy feliz de poder ser ese delantero.&nbsp;Me parece muy honorable estar ahora en la lista con jugadores como Luis Su\u00e1rez, Dirk Kuijt y Mateja Kezman&#8221;, expres\u00f3 el mexicano a la revista neerlandesa. Es as\u00ed que el pr\u00f3ximo a\u00f1o podr\u00eda regresar con m\u00e1s goles al torneo neerland\u00e9s si es que no sale en el mercado de invierno.<\/p>\n\n\n\n<p>En su siguiente partido Santiago Gim\u00e9nez y el Feyenoord se enfrentar\u00e1 ante el Utrecht en partido correspondiente a la KNVB Becker (Copa de Pa\u00edses Bajos) tras lo cual cerrar\u00e1n su participaci\u00f3n en este a\u00f1o 2023. En la liga, el Feyenoord se encuentra subl\u00edder con 38 puntos, a diez de diferencia del PSV que es el l\u00edder del torneo y que est\u00e1 complicado de alcanzar. Ser\u00e1 en enero cuando regrese la liga.&nbsp;<\/p>\n<div class='share-to-whatsapp-wrapper'><div class='share-on-whsp'>Share on: <\/div><a data-text='Santi Gim\u00e9nez es reconocido como 'Hombre del a\u00f1o' en Pa\u00edses Bajos: 'Ahora me siento verdaderamente como un delantero'' data-link='https:\/\/portaltactica.com\/?p=79468' class='whatsapp-button whatsapp-share'>WhatsApp<\/a><div class='clear '><\/div><\/div>","protected":false},"excerpt":{"rendered":"<p>El delantero mexicano\u00a0Santiago Gim\u00e9nez\u00a0se mantiene como un hombre importante en el\u00a0Feyenoord\u00a0gracias a sus goles y tambi\u00e9n en el futbol de la\u00a0Eredivisie\u00a0en&hellip;<\/p>\n","protected":false},"author":2,"featured_media":79469,"comment_status":"closed","ping_status":"closed","sticky":false,"template":"","format":"standard","meta":{"advanced_seo_description":"","jetpack_seo_html_title":"","jetpack_seo_noindex":false,"_jetpack_memberships_contains_paid_content":false,"footnotes":"","jetpack_publicize_message":"","jetpack_publicize_feature_enabled":true,"jetpack_social_post_already_shared":true,"jetpack_social_options":{"image_generator_settings":{"template":"highway","default_image_id":0,"font":"","enabled":false},"version":2}},"categories":[1898],"tags":[],"class_list":["post-79468","post","type-post","status-publish","format-standard","has-post-thumbnail","hentry","category-destacado-internacional"],"jetpack_publicize_connections":[],"jetpack_featured_media_url":"https:\/\/portaltactica.com\/wp-content\/uploads\/2023\/12\/8-15.jpg","jetpack_sharing_enabled":true,"_links":{"self":[{"href":"https:\/\/portaltactica.com\/index.php?rest_route=\/wp\/v2\/posts\/79468","targetHints":{"allow":["GET"]}}],"collection":[{"href":"https:\/\/portaltactica.com\/index.php?rest_route=\/wp\/v2\/posts"}],"about":[{"href":"https:\/\/portaltactica.com\/index.php?rest_route=\/wp\/v2\/types\/post"}],"author":[{"embeddable":true,"href":"https:\/\/portaltactica.com\/index.php?rest_route=\/wp\/v2\/users\/2"}],"replies":[{"embeddable":true,"href":"https:\/\/portaltactica.com\/index.php?rest_route=%2Fwp%2Fv2%2Fcomments&post=79468"}],"version-history":[{"count":1,"href":"https:\/\/portaltactica.com\/index.php?rest_route=\/wp\/v2\/posts\/79468\/revisions"}],"predecessor-version":[{"id":79470,"href":"https:\/\/portaltactica.com\/index.php?rest_route=\/wp\/v2\/posts\/79468\/revisions\/79470"}],"wp:featuredmedia":[{"embeddable":true,"href":"https:\/\/portaltactica.com\/index.php?rest_route=\/wp\/v2\/media\/79469"}],"wp:attachment":[{"href":"https:\/\/portaltactica.com\/index.php?rest_route=%2Fwp%2Fv2%2Fmedia&parent=79468"}],"wp:term":[{"taxonomy":"category","embeddable":true,"href":"https:\/\/portaltactica.com\/index.php?rest_route=%2Fwp%2Fv2%2Fcategories&post=79468"},{"taxonomy":"post_tag","embeddable":true,"href":"https:\/\/portaltactica.com\/index.php?rest_route=%2Fwp%2Fv2%2Ftags&post=79468"}],"curies":[{"name":"wp","href":"https:\/\/api.w.org\/{rel}","templated":true}]}}