{"id":79458,"date":"2023-12-20T10:14:18","date_gmt":"2023-12-20T17:14:18","guid":{"rendered":"https:\/\/portaltactica.com\/?p=79458"},"modified":"2023-12-20T10:14:20","modified_gmt":"2023-12-20T17:14:20","slug":"ezequiel-lavezzi-ingreso-al-hospital-tras-presuntamente-ser-apunalado","status":"publish","type":"post","link":"https:\/\/portaltactica.com\/?p=79458","title":{"rendered":"Ezequiel Lavezzi ingres\u00f3 al hospital tras presuntamente ser apu\u00f1alado"},"content":{"rendered":"\n<p><strong>Ezequiel &#8216;Pocho&#8217; Lavezzi<\/strong>\u00a0fue internado en un hospital en\u00a0<strong>Punta del Este<\/strong>, en un episodio que todav\u00eda sigue sin explicarse, ocurrido la madrugada de este mi\u00e9rcoles. Inicialmente se dijo que el exfutbolista hab\u00eda sufrido una herida de arma blanca en el abdomen, versi\u00f3n que la polic\u00eda local ha descartado.\u00a0<\/p>\n\n\n\n<p>De acuerdo con las autoridades, el exfutbolista de\u00a0<strong>San Lorenzo<\/strong>,\u00a0<strong>Napoli\u00a0<\/strong>y\u00a0<strong>PSG<\/strong>, entre otros, sufri\u00f3 una fractura en el om\u00f3plato y, hasta el momento, es lo \u00fanico que han confirmado, y han descartado que el exjugador haya sido apu\u00f1alado. De acuerdo con el diario Ol\u00e9, fue alrededor de las 5 de la ma\u00f1ana que los servicios de emergencia recibieron un llamado para solicitar atenci\u00f3n m\u00e9dica.\u00a0<\/p>\n\n\n\n<p>Un m\u00f3vil policial lleg\u00f3 al Arenas de Jos\u00e9 Ignacio y asistieron a Lavezzi, quien se encontraba en el lugar con su pareja y su familia. Posteriormente, le trasladaron al\u00a0<strong>Sanatario Cantegrill<\/strong>, donde se encuentra internado; la cl\u00ednica no ha emitido parte m\u00e9dico y se desconoce la gravedad real del caso.\u00a0<\/p>\n\n\n\n<p>Por otra parte, TN Deportivo comparti\u00f3 que&nbsp;<strong>Diego Lavezzi<\/strong>, hermano de Ezequiel, presentar\u00e1 esta tarde su declaraci\u00f3n para esclarecer lo ocurrido. El mismo medio a\u00f1adi\u00f3 que la polic\u00eda sigue trabajando en la investigaci\u00f3n de los hechos ocurridos en una fiesta, adem\u00e1s que el futbolista no se encontraba en estado grave.&nbsp;<\/p>\n\n\n\n<p>A pesar que el medio mencionado comparti\u00f3 el reporte policia, en el cual solo se habla de la lesi\u00f3n \u00f3sea en el om\u00f3plato, medios locales se\u00f1alaron que Lavezzi s\u00ed fue trasladado al hospital con &#8220;una herida punzocortante en el abdomen&#8221; tras una discusi\u00f3n familiar.&nbsp;<\/p>\n<div class='share-to-whatsapp-wrapper'><div class='share-on-whsp'>Share on: <\/div><a data-text='Ezequiel Lavezzi ingres\u00f3 al hospital tras presuntamente ser apu\u00f1alado' data-link='https:\/\/portaltactica.com\/?p=79458' class='whatsapp-button whatsapp-share'>WhatsApp<\/a><div class='clear '><\/div><\/div>","protected":false},"excerpt":{"rendered":"<p>Ezequiel &#8216;Pocho&#8217; Lavezzi\u00a0fue internado en un hospital en\u00a0Punta del Este, en un episodio que todav\u00eda sigue sin explicarse, ocurrido la madrugada&hellip;<\/p>\n","protected":false},"author":2,"featured_media":79459,"comment_status":"closed","ping_status":"closed","sticky":false,"template":"","format":"standard","meta":{"advanced_seo_description":"","jetpack_seo_html_title":"","jetpack_seo_noindex":false,"_jetpack_memberships_contains_paid_content":false,"footnotes":"","jetpack_publicize_message":"","jetpack_publicize_feature_enabled":true,"jetpack_social_post_already_shared":true,"jetpack_social_options":{"image_generator_settings":{"template":"highway","default_image_id":0,"font":"","enabled":false},"version":2}},"categories":[6],"tags":[],"class_list":["post-79458","post","type-post","status-publish","format-standard","has-post-thumbnail","hentry","category-internacional"],"jetpack_publicize_connections":[],"jetpack_featured_media_url":"https:\/\/portaltactica.com\/wp-content\/uploads\/2023\/12\/5-5.png","jetpack_sharing_enabled":true,"_links":{"self":[{"href":"https:\/\/portaltactica.com\/index.php?rest_route=\/wp\/v2\/posts\/79458","targetHints":{"allow":["GET"]}}],"collection":[{"href":"https:\/\/portaltactica.com\/index.php?rest_route=\/wp\/v2\/posts"}],"about":[{"href":"https:\/\/portaltactica.com\/index.php?rest_route=\/wp\/v2\/types\/post"}],"author":[{"embeddable":true,"href":"https:\/\/portaltactica.com\/index.php?rest_route=\/wp\/v2\/users\/2"}],"replies":[{"embeddable":true,"href":"https:\/\/portaltactica.com\/index.php?rest_route=%2Fwp%2Fv2%2Fcomments&post=79458"}],"version-history":[{"count":1,"href":"https:\/\/portaltactica.com\/index.php?rest_route=\/wp\/v2\/posts\/79458\/revisions"}],"predecessor-version":[{"id":79460,"href":"https:\/\/portaltactica.com\/index.php?rest_route=\/wp\/v2\/posts\/79458\/revisions\/79460"}],"wp:featuredmedia":[{"embeddable":true,"href":"https:\/\/portaltactica.com\/index.php?rest_route=\/wp\/v2\/media\/79459"}],"wp:attachment":[{"href":"https:\/\/portaltactica.com\/index.php?rest_route=%2Fwp%2Fv2%2Fmedia&parent=79458"}],"wp:term":[{"taxonomy":"category","embeddable":true,"href":"https:\/\/portaltactica.com\/index.php?rest_route=%2Fwp%2Fv2%2Fcategories&post=79458"},{"taxonomy":"post_tag","embeddable":true,"href":"https:\/\/portaltactica.com\/index.php?rest_route=%2Fwp%2Fv2%2Ftags&post=79458"}],"curies":[{"name":"wp","href":"https:\/\/api.w.org\/{rel}","templated":true}]}}