{"id":79451,"date":"2023-12-20T08:36:47","date_gmt":"2023-12-20T15:36:47","guid":{"rendered":"https:\/\/portaltactica.com\/?p=79451"},"modified":"2023-12-20T08:36:49","modified_gmt":"2023-12-20T15:36:49","slug":"oficial-neymar-se-ausentara-de-la-copa-america-2024","status":"publish","type":"post","link":"https:\/\/portaltactica.com\/?p=79451","title":{"rendered":"Oficial: Neymar se ausentar\u00e1 de la Copa Am\u00e9rica 2024"},"content":{"rendered":"\n<p><strong>Ser\u00e1 uno de los grandes torneos de un 2024 que se acerca lentamente y que tiene a&nbsp;Brasil&nbsp;esperando por cambios de peso.&nbsp;<\/strong>A la espera de saber que ocurre con la saga Carlo Ancelotti, por la&nbsp;Verdeamarelha&nbsp;descartan el regreso de&nbsp;<strong>Neymar<\/strong>&nbsp;para la Copa Am\u00e9rica de Estados Unidos. Rodrigo Lasmar, m\u00e9dico del combinado con m\u00e1s Copas del Mundo,&nbsp;<strong>anuncia por todo lo alto que el crack de&nbsp;Al-Hilal&nbsp;se pierde el certamen.<\/strong><\/p>\n\n\n\n<p><strong>Todo se debe gracias a la lesi\u00f3n sufrida ante Uruguay. Aquella rotura de ligamentos en la rodilla de&nbsp;Neymar<\/strong>&nbsp;supuso un par\u00f3n a largo plazo que alguno ve\u00eda posible interrumpir durante el torneo de selecciones. La Verdeamarelha no cuenta para junio con un delantero que antes de agosto tendr\u00e1 solo jornadas de recuperaci\u00f3n.&nbsp;<strong>Se viene tiempo para los Rodrygo, Endrick, Vinicius, Gabriel Jes\u00fas y dem\u00e1s. Rodrigo Lasmar confirm\u00f3 todo en entrevista con&nbsp;<em>R\u00e1dio 98<\/em>&nbsp;fm. No hay prisas en la recuperaci\u00f3n del ex PSG, Barcelona o Santos.<\/strong><\/p>\n\n\n\n<p><strong><em>\u201cSeis semanas despu\u00e9s de la cirug\u00eda, no hay tiempo, es demasiado temprano<\/em><\/strong><em>, no tiene sentido apresurarse para recuperarse antes y correr riesgos innecesarios. Nuestra expectativa es que est\u00e9&nbsp;<strong>listo para volver al inicio de la temporada 2024 en Europa, que es en agosto<\/strong>\u201d,<\/em>&nbsp;empezaba el m\u00e9dico de Brasil sobre una lesi\u00f3n dif\u00edcil y en la que cada caso es un mundo. Hablamos de un torneo que nunca ha podido ser ganado por Ney.<\/p>\n\n\n\n<p>Lasmar pidi\u00f3 calma a la hora de poner una fecha con su regreso. Neymar tendr\u00e1 varios meses por delante de cara a solventar un retorno marcado igualmente por las expectativas del Al-Hilal: \u201c<strong><em>La expectativa es que vuelva a jugar, necesitamos tener paciencia. Hablar de un regreso antes de nueve meses es prematuro;<\/em><\/strong><em>&nbsp;esto es un concepto global para la recuperaci\u00f3n de ligamentos. Es muy importante respetar el tiempo biol\u00f3gico,&nbsp;<strong>el tiempo que el organismo tarda en incorporar ese ligamento\u201d.<\/strong><\/em><\/p>\n\n\n\n<p><strong>Neymar no llega a Estados Unidos 2024. Brasil tendr\u00e1 actividad en la fase de grupos junto a combinados como uno de Concacaf, Paraguay y Colombia<\/strong>. Se viene un certamen donde la Verdeamarelha es el vigente subcampe\u00f3n y donde el \u00faltimo t\u00edtulo en este sentido lleg\u00f3 ante Per\u00fa en el 2019.&nbsp;<strong>El crack del Al-Hilal, que ha ganado medalla ol\u00edmpica y Copa Confederaciones con la selecci\u00f3n, nunca ha podido levantar el certamen. Hasta agosto, que nadie piense en el regreso de Ney.<\/strong><\/p>\n<div class='share-to-whatsapp-wrapper'><div class='share-on-whsp'>Share on: <\/div><a data-text='Oficial: Neymar se ausentar\u00e1 de la Copa Am\u00e9rica 2024' data-link='https:\/\/portaltactica.com\/?p=79451' class='whatsapp-button whatsapp-share'>WhatsApp<\/a><div class='clear '><\/div><\/div>","protected":false},"excerpt":{"rendered":"<p>Ser\u00e1 uno de los grandes torneos de un 2024 que se acerca lentamente y que tiene a&nbsp;Brasil&nbsp;esperando por cambios de peso.&nbsp;A&hellip;<\/p>\n","protected":false},"author":2,"featured_media":79453,"comment_status":"closed","ping_status":"closed","sticky":false,"template":"","format":"standard","meta":{"advanced_seo_description":"","jetpack_seo_html_title":"","jetpack_seo_noindex":false,"_jetpack_memberships_contains_paid_content":false,"footnotes":"","jetpack_publicize_message":"","jetpack_publicize_feature_enabled":true,"jetpack_social_post_already_shared":true,"jetpack_social_options":{"image_generator_settings":{"template":"highway","default_image_id":0,"font":"","enabled":false},"version":2}},"categories":[1898],"tags":[],"class_list":["post-79451","post","type-post","status-publish","format-standard","has-post-thumbnail","hentry","category-destacado-internacional"],"jetpack_publicize_connections":[],"jetpack_featured_media_url":"https:\/\/portaltactica.com\/wp-content\/uploads\/2023\/12\/3-5.png","jetpack_sharing_enabled":true,"_links":{"self":[{"href":"https:\/\/portaltactica.com\/index.php?rest_route=\/wp\/v2\/posts\/79451","targetHints":{"allow":["GET"]}}],"collection":[{"href":"https:\/\/portaltactica.com\/index.php?rest_route=\/wp\/v2\/posts"}],"about":[{"href":"https:\/\/portaltactica.com\/index.php?rest_route=\/wp\/v2\/types\/post"}],"author":[{"embeddable":true,"href":"https:\/\/portaltactica.com\/index.php?rest_route=\/wp\/v2\/users\/2"}],"replies":[{"embeddable":true,"href":"https:\/\/portaltactica.com\/index.php?rest_route=%2Fwp%2Fv2%2Fcomments&post=79451"}],"version-history":[{"count":2,"href":"https:\/\/portaltactica.com\/index.php?rest_route=\/wp\/v2\/posts\/79451\/revisions"}],"predecessor-version":[{"id":79454,"href":"https:\/\/portaltactica.com\/index.php?rest_route=\/wp\/v2\/posts\/79451\/revisions\/79454"}],"wp:featuredmedia":[{"embeddable":true,"href":"https:\/\/portaltactica.com\/index.php?rest_route=\/wp\/v2\/media\/79453"}],"wp:attachment":[{"href":"https:\/\/portaltactica.com\/index.php?rest_route=%2Fwp%2Fv2%2Fmedia&parent=79451"}],"wp:term":[{"taxonomy":"category","embeddable":true,"href":"https:\/\/portaltactica.com\/index.php?rest_route=%2Fwp%2Fv2%2Fcategories&post=79451"},{"taxonomy":"post_tag","embeddable":true,"href":"https:\/\/portaltactica.com\/index.php?rest_route=%2Fwp%2Fv2%2Ftags&post=79451"}],"curies":[{"name":"wp","href":"https:\/\/api.w.org\/{rel}","templated":true}]}}