{"id":79448,"date":"2023-12-20T08:16:40","date_gmt":"2023-12-20T15:16:40","guid":{"rendered":"https:\/\/portaltactica.com\/?p=79448"},"modified":"2023-12-20T08:16:41","modified_gmt":"2023-12-20T15:16:41","slug":"fecha-de-juicio-confirmada-por-la-fiscalia-de-barcelona-para-el-caso-de-dani-alves","status":"publish","type":"post","link":"https:\/\/portaltactica.com\/?p=79448","title":{"rendered":"Fecha de juicio confirmada por la Fiscal\u00eda de Barcelona para el caso de Dani Alves"},"content":{"rendered":"\n<p>A casi un a\u00f1o de haber ingresado a prisi\u00f3n,el\u00a0<strong>Tribunal Superior de Justicia de Catalu\u00f1a<\/strong>\u00a0dio a conocer que\u00a0<strong>Dani Alves<\/strong>\u00a0<strong>ser\u00e1 juzgado el 5, 6 y 7 de febrero de 2024<\/strong>.<\/p>\n\n\n\n<p>Asimismo, se dio a conocer que la la&nbsp;<strong>Fiscal\u00eda de Barcelona<\/strong>&nbsp;pide nueve a\u00f1os de prisi\u00f3n para el&nbsp;<strong>exfutbolista de Pumas<\/strong>&nbsp;por la&nbsp;<strong>presunta violaci\u00f3n<\/strong>&nbsp;a una joven, quien solicit\u00f3 hasta 12 a\u00f1os para&nbsp;<strong>Alves<\/strong>, tiempo m\u00e1ximo que impone la&nbsp;<strong>justicia espa\u00f1ola<\/strong>&nbsp;para este delito.<\/p>\n\n\n\n<p>Adem\u00e1s, el\u00a0<strong>Ministerio P\u00fablico<\/strong>\u00a0propone que el jugador pague una indemnizaci\u00f3n de 150 mil euros a la denunciante por reparaci\u00f3n de da\u00f1os en caso de que resulte culpable.<\/p>\n\n\n\n<p>Tambi\u00e9n, la\u00a0<strong>Fiscal\u00eda<\/strong>\u00a0pide otros 10 a\u00f1os de\u00a0<strong>libertad condicional<\/strong>\u00a0para el\u00a0<strong>exjugador brasile\u00f1o<\/strong>\u00a0una vez que salga de prisi\u00f3n, as\u00ed como la prohibici\u00f3n de acercarse a la presunta v\u00edctima.<\/p>\n\n\n\n<p>Es importante mencionar que&nbsp;<strong>Dani Alves<\/strong>&nbsp;se encuentra en la&nbsp;<strong>prisi\u00f3n Brians 2 de Barcelona<\/strong>&nbsp;desde mediados de enero por presunta&nbsp;<strong>agresi\u00f3n sexual<\/strong>&nbsp;con penetraci\u00f3n, hecho que ocurri\u00f3 el 30 de diciembre de 2022 en la&nbsp;<strong>discoteca Sutton de la capital de Catalu\u00f1a<\/strong>.<\/p>\n\n\n\n<p>Aunque el jugador en un principio neg\u00f3 los hechos, en su cuarta declaraci\u00f3n termin\u00f3 por aceptar que tuvo intimidad con la presunta v\u00edctima, argumentando que fue consensuado, situaci\u00f3n contraria a la joven, quien ha denunciado que&nbsp;<strong>Alves<\/strong>&nbsp;abus\u00f3 de ella.<\/p>\n<div class='share-to-whatsapp-wrapper'><div class='share-on-whsp'>Share on: <\/div><a data-text='Fecha de juicio confirmada por la Fiscal\u00eda de Barcelona para el caso de Dani Alves' data-link='https:\/\/portaltactica.com\/?p=79448' class='whatsapp-button whatsapp-share'>WhatsApp<\/a><div class='clear '><\/div><\/div>","protected":false},"excerpt":{"rendered":"<p>A casi un a\u00f1o de haber ingresado a prisi\u00f3n,el\u00a0Tribunal Superior de Justicia de Catalu\u00f1a\u00a0dio a conocer que\u00a0Dani Alves\u00a0ser\u00e1 juzgado el 5,&hellip;<\/p>\n","protected":false},"author":2,"featured_media":79449,"comment_status":"closed","ping_status":"closed","sticky":false,"template":"","format":"standard","meta":{"advanced_seo_description":"","jetpack_seo_html_title":"","jetpack_seo_noindex":false,"_jetpack_memberships_contains_paid_content":false,"footnotes":"","jetpack_publicize_message":"","jetpack_publicize_feature_enabled":true,"jetpack_social_post_already_shared":true,"jetpack_social_options":{"image_generator_settings":{"template":"highway","default_image_id":0,"font":"","enabled":false},"version":2}},"categories":[1898],"tags":[],"class_list":["post-79448","post","type-post","status-publish","format-standard","has-post-thumbnail","hentry","category-destacado-internacional"],"jetpack_publicize_connections":[],"jetpack_featured_media_url":"https:\/\/portaltactica.com\/wp-content\/uploads\/2023\/12\/2-11.jpg","jetpack_sharing_enabled":true,"_links":{"self":[{"href":"https:\/\/portaltactica.com\/index.php?rest_route=\/wp\/v2\/posts\/79448","targetHints":{"allow":["GET"]}}],"collection":[{"href":"https:\/\/portaltactica.com\/index.php?rest_route=\/wp\/v2\/posts"}],"about":[{"href":"https:\/\/portaltactica.com\/index.php?rest_route=\/wp\/v2\/types\/post"}],"author":[{"embeddable":true,"href":"https:\/\/portaltactica.com\/index.php?rest_route=\/wp\/v2\/users\/2"}],"replies":[{"embeddable":true,"href":"https:\/\/portaltactica.com\/index.php?rest_route=%2Fwp%2Fv2%2Fcomments&post=79448"}],"version-history":[{"count":1,"href":"https:\/\/portaltactica.com\/index.php?rest_route=\/wp\/v2\/posts\/79448\/revisions"}],"predecessor-version":[{"id":79450,"href":"https:\/\/portaltactica.com\/index.php?rest_route=\/wp\/v2\/posts\/79448\/revisions\/79450"}],"wp:featuredmedia":[{"embeddable":true,"href":"https:\/\/portaltactica.com\/index.php?rest_route=\/wp\/v2\/media\/79449"}],"wp:attachment":[{"href":"https:\/\/portaltactica.com\/index.php?rest_route=%2Fwp%2Fv2%2Fmedia&parent=79448"}],"wp:term":[{"taxonomy":"category","embeddable":true,"href":"https:\/\/portaltactica.com\/index.php?rest_route=%2Fwp%2Fv2%2Fcategories&post=79448"},{"taxonomy":"post_tag","embeddable":true,"href":"https:\/\/portaltactica.com\/index.php?rest_route=%2Fwp%2Fv2%2Ftags&post=79448"}],"curies":[{"name":"wp","href":"https:\/\/api.w.org\/{rel}","templated":true}]}}