{"id":79441,"date":"2023-12-19T14:51:26","date_gmt":"2023-12-19T21:51:26","guid":{"rendered":"https:\/\/portaltactica.com\/?p=79441"},"modified":"2023-12-19T14:51:28","modified_gmt":"2023-12-19T21:51:28","slug":"mexico-se-enfrentara-a-brasil-y-uruguay-como-preparacion-para-la-copa-america","status":"publish","type":"post","link":"https:\/\/portaltactica.com\/?p=79441","title":{"rendered":"M\u00e9xico se enfrentar\u00e1 a Brasil y Uruguay como preparaci\u00f3n para la Copa Am\u00e9rica"},"content":{"rendered":"\n<p>Luego de la \u00faltima\u00a0<strong>asamblea de due\u00f1os<\/strong>\u00a0del\u00a0<strong>2023<\/strong>, grandes revelaciones han llegado al\u00a0<strong>futbol<\/strong>\u00a0<strong>mexicano<\/strong>, incluyendo noticias para la\u00a0<strong>Selecci\u00f3n Nacional<\/strong>. De acuerdo con reciente informaci\u00f3n publicada por la propia\u00a0<strong>Federaci\u00f3n Mexicana de Futbol (FMF)<\/strong>\u00a0tras la reuni\u00f3n, el\u00a0<strong>combinado azteca\u00a0<\/strong>vivir\u00e1\u00a0<strong>dos juegos de alta exigencia<\/strong>\u00a0previo a su debut en la\u00a0<strong>Copa Am\u00e9rica.<\/strong><\/p>\n\n\n\n<p>Fue mediante redes sociales que se hizo p\u00fablico un video en el que los due\u00f1os del bal\u00f3n, en conjunto con varios&nbsp;<strong>directivos de la federaci\u00f3n<\/strong>, explican los temas discutidos y entre ellos aparece la&nbsp;<strong>confirmaci\u00f3n de dos amistosos para el Tricolor<\/strong>. El primero de ellos se celebrar\u00e1 el&nbsp;<strong>5 de junio de 2024 ante Uruguay y el segundo ser\u00e1 ante Brasil el 8 del mismo mes.<\/strong><\/p>\n\n\n\n<p>Es importante mencionar que estos a\u00fan se mantienen sin sede confirmada, pero podemos intuir que se realizar\u00e1n en\u00a0<strong>Estados Unidos,<\/strong>\u00a0ya que son parte de la preparaci\u00f3n que tendr\u00e1 el cuadro de\u00a0<strong>Jaime Lozano<\/strong>\u00a0previo al arranque de la\u00a0<strong>Copa Am\u00e9rica<\/strong>, en donde\u00a0<strong>M\u00e9xico<\/strong>\u00a0comparte sector con sus similares de\u00a0<strong>Jamaica, M\u00e9xico y Ecuador.<\/strong><\/p>\n\n\n\n<p>La participaci\u00f3n del representativo&nbsp;<strong>azteca<\/strong>&nbsp;en la justa internacional iniciar\u00e1 el pr\u00f3ximo&nbsp;<strong>22 de junio<\/strong>&nbsp;ante los&nbsp;<strong>reggae boyz,<\/strong>&nbsp;en espera de que una buena actuaci\u00f3n le otorgue la primera victoria al&nbsp;<strong>Tri<\/strong>&nbsp;en el certamen.<\/p>\n<div class='share-to-whatsapp-wrapper'><div class='share-on-whsp'>Share on: <\/div><a data-text='M\u00e9xico se enfrentar\u00e1 a Brasil y Uruguay como preparaci\u00f3n para la Copa Am\u00e9rica' data-link='https:\/\/portaltactica.com\/?p=79441' class='whatsapp-button whatsapp-share'>WhatsApp<\/a><div class='clear '><\/div><\/div>","protected":false},"excerpt":{"rendered":"<p>Luego de la \u00faltima\u00a0asamblea de due\u00f1os\u00a0del\u00a02023, grandes revelaciones han llegado al\u00a0futbol\u00a0mexicano, incluyendo noticias para la\u00a0Selecci\u00f3n Nacional. De acuerdo con reciente informaci\u00f3n&hellip;<\/p>\n","protected":false},"author":2,"featured_media":79442,"comment_status":"closed","ping_status":"closed","sticky":false,"template":"","format":"standard","meta":{"advanced_seo_description":"","jetpack_seo_html_title":"","jetpack_seo_noindex":false,"_jetpack_memberships_contains_paid_content":false,"footnotes":"","jetpack_publicize_message":"","jetpack_publicize_feature_enabled":true,"jetpack_social_post_already_shared":true,"jetpack_social_options":{"image_generator_settings":{"template":"highway","default_image_id":0,"font":"","enabled":false},"version":2}},"categories":[1897,1896],"tags":[],"class_list":["post-79441","post","type-post","status-publish","format-standard","has-post-thumbnail","hentry","category-destacado-nacional","category-destacado-portada"],"jetpack_publicize_connections":[],"jetpack_featured_media_url":"https:\/\/portaltactica.com\/wp-content\/uploads\/2023\/12\/9-2.png","jetpack_sharing_enabled":true,"_links":{"self":[{"href":"https:\/\/portaltactica.com\/index.php?rest_route=\/wp\/v2\/posts\/79441","targetHints":{"allow":["GET"]}}],"collection":[{"href":"https:\/\/portaltactica.com\/index.php?rest_route=\/wp\/v2\/posts"}],"about":[{"href":"https:\/\/portaltactica.com\/index.php?rest_route=\/wp\/v2\/types\/post"}],"author":[{"embeddable":true,"href":"https:\/\/portaltactica.com\/index.php?rest_route=\/wp\/v2\/users\/2"}],"replies":[{"embeddable":true,"href":"https:\/\/portaltactica.com\/index.php?rest_route=%2Fwp%2Fv2%2Fcomments&post=79441"}],"version-history":[{"count":1,"href":"https:\/\/portaltactica.com\/index.php?rest_route=\/wp\/v2\/posts\/79441\/revisions"}],"predecessor-version":[{"id":79443,"href":"https:\/\/portaltactica.com\/index.php?rest_route=\/wp\/v2\/posts\/79441\/revisions\/79443"}],"wp:featuredmedia":[{"embeddable":true,"href":"https:\/\/portaltactica.com\/index.php?rest_route=\/wp\/v2\/media\/79442"}],"wp:attachment":[{"href":"https:\/\/portaltactica.com\/index.php?rest_route=%2Fwp%2Fv2%2Fmedia&parent=79441"}],"wp:term":[{"taxonomy":"category","embeddable":true,"href":"https:\/\/portaltactica.com\/index.php?rest_route=%2Fwp%2Fv2%2Fcategories&post=79441"},{"taxonomy":"post_tag","embeddable":true,"href":"https:\/\/portaltactica.com\/index.php?rest_route=%2Fwp%2Fv2%2Ftags&post=79441"}],"curies":[{"name":"wp","href":"https:\/\/api.w.org\/{rel}","templated":true}]}}