{"id":79418,"date":"2023-12-19T09:42:31","date_gmt":"2023-12-19T16:42:31","guid":{"rendered":"https:\/\/portaltactica.com\/?p=79418"},"modified":"2023-12-19T09:42:33","modified_gmt":"2023-12-19T16:42:33","slug":"confirmado-thomas-muller-extiende-su-contrato-con-el-bayern-munich-hasta-2025","status":"publish","type":"post","link":"https:\/\/portaltactica.com\/?p=79418","title":{"rendered":"\u00a1Confirmado! Thomas M\u00fcller extiende su contrato con el Bayern Munich hasta 2025"},"content":{"rendered":"\n<p>El Bayern Munich anunci\u00f3 este martes que el delantero y jugador de la selecci\u00f3n alemana Thomas M\u00fcller, considerado una &#8220;leyenda&#8221; en el Allianz Arena, permanecer\u00e1 en el club b\u00e1varo una temporada m\u00e1s, hasta el 30 de junio de 2025. <\/p>\n\n\n\n<p class=\"has-medium-font-size\"><strong>La historia de Thomas M\u00fcller y el Bayern <\/strong><\/p>\n\n\n\n<p><span style=\"font-family: regular, sans-serif;font-size: 18px\">El delantero lleg\u00f3 a M\u00fanich procedente del TSV P\u00e4hl a los diez a\u00f1os, jug\u00f3 en todos los equipos juveniles del club y debut\u00f3 profesionalmente en el primer equipo en 2008.\u00a0<\/span><\/p>\n\n\n\n<p>&#8220;Estoy feliz de que mi trayectoria en el Bayern\u00a0contin\u00fae. Quiero hacer mi parte para garantizar que sigamos teniendo \u00e9xito, como equipo y como club en su conjunto. Para m\u00ed es importante ser un pilar y ayudar a dirigir al equipo en la direcci\u00f3n correcta&#8221;, se\u00f1al\u00f3 el jugador alem\u00e1n en un comunicado.<\/p>\n\n\n\n<p>El presidente del club, Herbert Hainer, recalc\u00f3 que M\u00fcller pertenece al Bayern como la Frauenkirche (catedral) a M\u00fanich. &#8220;Naci\u00f3 en las afueras de la ciudad, creci\u00f3 en este club y se convirti\u00f3 en una leyenda durante su \u00e9poca como jugador; muy pocas personas lo gran esto&#8221;, indic\u00f3. <\/p>\n\n\n\n<p>El director general del club b\u00e1varo, Jan-Christian Dreesen, a su vez, sostuvo que el delantero para el Bayern Munich &#8220;es \u00fanico como jugador, personalidad y figura identificativa&#8221;. Es, dijo, alguien &#8220;que nunca se esconde, ni siquiera cuando duele, y que siempre avanza con mucha motivaci\u00f3n&#8221;.<\/p>\n\n\n\n<p><\/p>\n<div class='share-to-whatsapp-wrapper'><div class='share-on-whsp'>Share on: <\/div><a data-text='\u00a1Confirmado! Thomas M\u00fcller extiende su contrato con el Bayern Munich hasta 2025' data-link='https:\/\/portaltactica.com\/?p=79418' class='whatsapp-button whatsapp-share'>WhatsApp<\/a><div class='clear '><\/div><\/div>","protected":false},"excerpt":{"rendered":"<p>El Bayern Munich anunci\u00f3 este martes que el delantero y jugador de la selecci\u00f3n alemana Thomas M\u00fcller, considerado una &#8220;leyenda&#8221; en&hellip;<\/p>\n","protected":false},"author":2,"featured_media":79419,"comment_status":"closed","ping_status":"closed","sticky":false,"template":"","format":"standard","meta":{"advanced_seo_description":"","jetpack_seo_html_title":"","jetpack_seo_noindex":false,"_jetpack_memberships_contains_paid_content":false,"footnotes":"","jetpack_publicize_message":"","jetpack_publicize_feature_enabled":true,"jetpack_social_post_already_shared":true,"jetpack_social_options":{"image_generator_settings":{"template":"highway","default_image_id":0,"font":"","enabled":false},"version":2}},"categories":[1898],"tags":[],"class_list":["post-79418","post","type-post","status-publish","format-standard","has-post-thumbnail","hentry","category-destacado-internacional"],"jetpack_publicize_connections":[],"jetpack_featured_media_url":"https:\/\/portaltactica.com\/wp-content\/uploads\/2023\/12\/4.png","jetpack_sharing_enabled":true,"_links":{"self":[{"href":"https:\/\/portaltactica.com\/index.php?rest_route=\/wp\/v2\/posts\/79418","targetHints":{"allow":["GET"]}}],"collection":[{"href":"https:\/\/portaltactica.com\/index.php?rest_route=\/wp\/v2\/posts"}],"about":[{"href":"https:\/\/portaltactica.com\/index.php?rest_route=\/wp\/v2\/types\/post"}],"author":[{"embeddable":true,"href":"https:\/\/portaltactica.com\/index.php?rest_route=\/wp\/v2\/users\/2"}],"replies":[{"embeddable":true,"href":"https:\/\/portaltactica.com\/index.php?rest_route=%2Fwp%2Fv2%2Fcomments&post=79418"}],"version-history":[{"count":1,"href":"https:\/\/portaltactica.com\/index.php?rest_route=\/wp\/v2\/posts\/79418\/revisions"}],"predecessor-version":[{"id":79420,"href":"https:\/\/portaltactica.com\/index.php?rest_route=\/wp\/v2\/posts\/79418\/revisions\/79420"}],"wp:featuredmedia":[{"embeddable":true,"href":"https:\/\/portaltactica.com\/index.php?rest_route=\/wp\/v2\/media\/79419"}],"wp:attachment":[{"href":"https:\/\/portaltactica.com\/index.php?rest_route=%2Fwp%2Fv2%2Fmedia&parent=79418"}],"wp:term":[{"taxonomy":"category","embeddable":true,"href":"https:\/\/portaltactica.com\/index.php?rest_route=%2Fwp%2Fv2%2Fcategories&post=79418"},{"taxonomy":"post_tag","embeddable":true,"href":"https:\/\/portaltactica.com\/index.php?rest_route=%2Fwp%2Fv2%2Ftags&post=79418"}],"curies":[{"name":"wp","href":"https:\/\/api.w.org\/{rel}","templated":true}]}}