{"id":79342,"date":"2023-12-16T20:21:09","date_gmt":"2023-12-17T03:21:09","guid":{"rendered":"https:\/\/portaltactica.com\/?p=79342"},"modified":"2023-12-16T20:21:23","modified_gmt":"2023-12-17T03:21:23","slug":"clausuran-curso-sabatino-de-capacitacion-para-entrenadores-imdem","status":"publish","type":"post","link":"https:\/\/portaltactica.com\/?p=79342","title":{"rendered":"Clausuran Curso Sabatino de Capacitaci\u00f3n para Entrenadores Imdem"},"content":{"rendered":"\n<p>Un grupo de 40 entrenadores mazatlecos se grad\u00faan con \u00e9xito, con miras a alcanzar la profesionalizacion y excelencia en cada una de sus disciplinas.<br><br><br>Mazatl\u00e1n, Sinaloa a 16 de diciembre de 2023.- La profesionalizaci\u00f3n de los instructores porte\u00f1os ha sido una de las grandes preocupaciones de Edgar Gonz\u00e1lez, Alcalde de Mazatl\u00e1n, por lo que hoy concluy\u00f3 satisfactoriamente el Curso Sabatino de Capacitaci\u00f3n para Entrenadores del Instituto Municipal del Deporte. <br><br>Con el tema Trabajo de Musculaci\u00f3n, a cargo del fisioterapeuta, Miguel Barraza Liz\u00e1rraga, y el hist\u00f3rico entrenador de voleibol, Salvador Gonz\u00e1lez, el curso lleg\u00f3 a su sesi\u00f3n final, con la participaci\u00f3n de 40 entrenadores. <br><br>&#8220;La capacitaci\u00f3n se hizo con profesionales locales, que tienen un gran nivel y experiencia nacional, pero ojal\u00e1 que el d\u00eda de ma\u00f1ana tambi\u00e9n ustedes nos est\u00e9n acompa\u00f1ando y compartiendo sus conocimientos en sus disciplinas&#8221;, expres\u00f3 Jos\u00e9 \u00c1ngel Vega Salcido, coordinador de Deporte Federado y Adaptado del Instituto Municipal del Deporte de Mazatl\u00e1n. <br><br>Entre los graduados, quienes recibieron su acreditaci\u00f3n, destacaron la ganadora del Premio Municipal del Deporte 2023, Mar\u00eda Guadalupe Mac\u00edas Guti\u00e9rrez, as\u00ed como los finalistas, Catalina Rosario Guzm\u00e1n Garc\u00eda y Jos\u00e9 \u00c1ngel Chavar\u00edn Osuna. <br><br>Para cerrar las actividades, el equipo interdisciplinario del Imdem ofreci\u00f3 a los entrenadores un peque\u00f1o convite de celebraci\u00f3n. <br><br>GRADUADOS<br>&#8211; Alma Georgina Virgen D\u00edaz \/ Zumba<br>&#8211; Andr\u00e9s Tirado Corrales \/ Beisbol<br>&#8211; Bogar Antonio Osuna L\u00f3pez \/ Handball<br>&#8211; Carlos Mariano Rodr\u00edguez Mart\u00ednez \/ Deporte Adaptado<br>&#8211; C\u00e9sar Eduardo Ram\u00edrez Sarabia \/Judo<br>&#8211; Daria P\u00e1ez Guerrero \/ Deporte Adaptado<br>&#8211; Edwin Jonathan Mend\u00edvil Castro \/ Tiro con Arco <br>&#8211; Ehida Judith Arias Mill\u00e1n \/ Atletismo<br>&#8211; Fabricio Valdez Castro \/ Voleibol<br>&#8211; Gildardo Tolosa L\u00f3pez \/ Beisbol<br>&#8211; Isaac Rodr\u00edguez Estrada \/ Beisbol <br>&#8211; Jaime Alberto Washington V\u00e1zquez \/ Patinaje<br>&#8211; Jes\u00fas Adolfo Pe\u00f1a Garc\u00eda \/ Voleibol<br>&#8211; Jes\u00fas Francisco Mariscal Osuna \/ Charrer\u00eda<br>&#8211; Jes\u00fas Guillermo Mart\u00ednez Sandoval \/ Futbol<br>&#8211; Jos\u00e9 Angel Chavar\u00edn Osuna \/ Beisbol<br>&#8211; Jos\u00e9 Guadalupe L\u00f3pez Ramos \/ Atletismo<br>&#8211; Jos\u00e9 Manuel Valdez Lara \/ Beisbol 5<br>&#8211; Jos\u00e9 Manuel Zamudio Liz\u00e1rraga \/ Beisbol<br>&#8211; Jos\u00e9 Ra\u00fal Robles Tirado \/ Voleibol<br>&#8211; Juan Gerardo Gonz\u00e1lez Zambrano \/Atletismo<br>&#8211; Lucina Quevedo P\u00e9rez \/ Zumba<br>&#8211; Luis Daniel N\u00fa\u00f1ez Ulloa \/ Softbol<br>&#8211; Luis Enrique Noriega Colmenares \/ Beisbol<br>&#8211; Manuel \u00c1lvarez Mu\u00f1iz \/ Futbol<br>&#8211; Mar\u00eda Guadalupe Mac\u00edas Guti\u00e9rrez \/ Deporte Adaptado <br>&#8211; Mario Prado Salinas \/ Nataci\u00f3n<br>&#8211; Miguel \u00c1ngel R\u00edos Garc\u00eda \/ Beisbol<br>&#8211; \u00d3scar Meda Osuna \/ Judo<br>&#8211; Rogelio Osuna Cuevas \/ Beisbol<br>&#8211; Rosario Catalina Guzm\u00e1n Garc\u00eda \/ Boccia<br>&#8211; Sergio Cedano Osuna \/ Beisbol<br>&#8211; Yene Leonor Vizcarra Nieto \/ Deporte Adaptado<\/p>\n\n\n\n<figure class=\"wp-block-gallery has-nested-images columns-default is-cropped wp-block-gallery-1 is-layout-flex wp-block-gallery-is-layout-flex\">\n<figure class=\"wp-block-image\"><img fetchpriority=\"high\" decoding=\"async\" width=\"1280\" height=\"720\" data-id=\"79340\" src=\"https:\/\/portaltactica.com\/wp-content\/uploads\/2023\/12\/img-20231216-wa01081812524447413254031-1280x720.jpg\" alt=\"\" class=\"wp-image-79340\"\/><\/figure>\n\n\n\n<figure class=\"wp-block-image\"><img decoding=\"async\" width=\"1280\" height=\"720\" data-id=\"79339\" src=\"https:\/\/portaltactica.com\/wp-content\/uploads\/2023\/12\/img-20231216-wa0112623679006443556941-1280x720.jpg\" alt=\"\" class=\"wp-image-79339\"\/><\/figure>\n\n\n\n<figure class=\"wp-block-image\"><img decoding=\"async\" width=\"1280\" height=\"720\" data-id=\"79338\" src=\"https:\/\/portaltactica.com\/wp-content\/uploads\/2023\/12\/img-20231216-wa01147973841123271600475-1280x720.jpg\" alt=\"\" class=\"wp-image-79338\"\/><\/figure>\n<\/figure>\n<div class='share-to-whatsapp-wrapper'><div class='share-on-whsp'>Share on: <\/div><a data-text='Clausuran Curso Sabatino de Capacitaci\u00f3n para Entrenadores Imdem' data-link='https:\/\/portaltactica.com\/?p=79342' class='whatsapp-button whatsapp-share'>WhatsApp<\/a><div class='clear '><\/div><\/div>","protected":false},"excerpt":{"rendered":"<p>Un grupo de 40 entrenadores mazatlecos se grad\u00faan con \u00e9xito, con miras a alcanzar la profesionalizacion y excelencia en cada una&hellip;<\/p>\n","protected":false},"author":1,"featured_media":79341,"comment_status":"closed","ping_status":"","sticky":false,"template":"","format":"standard","meta":{"advanced_seo_description":"","jetpack_seo_html_title":"","jetpack_seo_noindex":false,"_jetpack_memberships_contains_paid_content":false,"footnotes":"","jetpack_publicize_message":"","jetpack_publicize_feature_enabled":true,"jetpack_social_post_already_shared":true,"jetpack_social_options":{"image_generator_settings":{"template":"highway","default_image_id":0,"font":"","enabled":false},"version":2}},"categories":[1899],"tags":[37],"class_list":["post-79342","post","type-post","status-publish","format-standard","has-post-thumbnail","hentry","category-destacado-mazatlan","tag-imdem"],"jetpack_publicize_connections":[],"jetpack_featured_media_url":"https:\/\/portaltactica.com\/wp-content\/uploads\/2023\/12\/IMG-20231216-WA0111.jpg","jetpack_sharing_enabled":true,"_links":{"self":[{"href":"https:\/\/portaltactica.com\/index.php?rest_route=\/wp\/v2\/posts\/79342","targetHints":{"allow":["GET"]}}],"collection":[{"href":"https:\/\/portaltactica.com\/index.php?rest_route=\/wp\/v2\/posts"}],"about":[{"href":"https:\/\/portaltactica.com\/index.php?rest_route=\/wp\/v2\/types\/post"}],"author":[{"embeddable":true,"href":"https:\/\/portaltactica.com\/index.php?rest_route=\/wp\/v2\/users\/1"}],"replies":[{"embeddable":true,"href":"https:\/\/portaltactica.com\/index.php?rest_route=%2Fwp%2Fv2%2Fcomments&post=79342"}],"version-history":[{"count":1,"href":"https:\/\/portaltactica.com\/index.php?rest_route=\/wp\/v2\/posts\/79342\/revisions"}],"predecessor-version":[{"id":79343,"href":"https:\/\/portaltactica.com\/index.php?rest_route=\/wp\/v2\/posts\/79342\/revisions\/79343"}],"wp:featuredmedia":[{"embeddable":true,"href":"https:\/\/portaltactica.com\/index.php?rest_route=\/wp\/v2\/media\/79341"}],"wp:attachment":[{"href":"https:\/\/portaltactica.com\/index.php?rest_route=%2Fwp%2Fv2%2Fmedia&parent=79342"}],"wp:term":[{"taxonomy":"category","embeddable":true,"href":"https:\/\/portaltactica.com\/index.php?rest_route=%2Fwp%2Fv2%2Fcategories&post=79342"},{"taxonomy":"post_tag","embeddable":true,"href":"https:\/\/portaltactica.com\/index.php?rest_route=%2Fwp%2Fv2%2Ftags&post=79342"}],"curies":[{"name":"wp","href":"https:\/\/api.w.org\/{rel}","templated":true}]}}