{"id":78004,"date":"2023-11-15T16:25:53","date_gmt":"2023-11-15T23:25:53","guid":{"rendered":"https:\/\/portaltactica.com\/?p=78004"},"modified":"2023-11-15T16:25:54","modified_gmt":"2023-11-15T23:25:54","slug":"rafael-nadal-anticipa-su-regreso-a-las-canchas-se-que-volvere-a-jugar-tenis","status":"publish","type":"post","link":"https:\/\/portaltactica.com\/?p=78004","title":{"rendered":"Rafael Nadal anticipa su regreso a las canchas: &#8216;S\u00e9 que volver\u00e9 a jugar tenis&#8217;"},"content":{"rendered":"\n<p>Un rayo de luz ilumina las esperanzas de volver a ver una vez m\u00e1s sobre las canchas al que sin duda es uno de los m\u00e1s grandes tenistas de todo los tiempos,\u00a0<strong>Rafael Nadal<\/strong>. La &#8216;Fiera&#8217; ha tenido su lapso m\u00e1s grande sin jugar el deporte blanco desde su debut, sin embargo, ya se prepara para lo que podr\u00eda ser su &#8216;\u00faltimo baile&#8217;.<\/p>\n\n\n\n<p>Una lesi\u00f3n de nivel 2 en el psoas il\u00edaco mientras jugaba el partido de Segunda Ronda en el\u00a0<strong>Abierto de Australia<\/strong>\u00a0lo llevar\u00eda a la recuperaci\u00f3n m\u00e1s tardada de su trayectoria, la cual llev\u00f3 a muchos, inclusive al mismo manacor\u00ed en pensar en que ese podr\u00eda ser el final de su carrera.<\/p>\n\n\n\n<p>Han pasado ya 10 meses y al parecer, la evoluci\u00f3n ha sido muy positiva, tanto que este mi\u00e9rcoles, en un acto de la\u00a0<strong>Cl\u00ednica Tenis Teknon<\/strong>, Nadal se anim\u00f3 a adelantar que s\u00ed volver\u00e1. &#8220;Hasta ahora no sab\u00eda si volver\u00eda a jugar al tenis alg\u00fan d\u00eda y ahora, sinceramente, creo que s\u00ed&#8221;, se\u00f1al\u00f3 el espa\u00f1ol de 37 a\u00f1os.<\/p>\n\n\n\n<p>&#8220;Lo que ha cambiado de hace unas semanas o unos d\u00edas a ahora es que ahora ya s\u00e9 que voy a volver a jugar a tenis. Antes no lo sab\u00eda, pero ahora sinceramente s\u00e9 que s\u00ed, porque la evoluci\u00f3n es positiva, se han dado grandes pasos \u00faltimamente&#8221;, agreg\u00f3.<\/p>\n\n\n\n<p>Sin embargo, no hay nada concreto. Rafa se siente en buena forma, pero no tanto como para poner una fecha en espec\u00edfico. &#8220;Que sea en un sitio o en otro pues todav\u00eda no estoy preparado para decirlo. Cuando lo sepa, ser\u00e1n los primeros en saberlo&#8221;, finaliz\u00f3.<\/p>\n<div class='share-to-whatsapp-wrapper'><div class='share-on-whsp'>Share on: <\/div><a data-text='Rafael Nadal anticipa su regreso a las canchas: 'S\u00e9 que volver\u00e9 a jugar tenis'' data-link='https:\/\/portaltactica.com\/?p=78004' class='whatsapp-button whatsapp-share'>WhatsApp<\/a><div class='clear '><\/div><\/div>","protected":false},"excerpt":{"rendered":"<p>Un rayo de luz ilumina las esperanzas de volver a ver una vez m\u00e1s sobre las canchas al que sin duda&hellip;<\/p>\n","protected":false},"author":2,"featured_media":78005,"comment_status":"closed","ping_status":"closed","sticky":false,"template":"","format":"standard","meta":{"advanced_seo_description":"","jetpack_seo_html_title":"","jetpack_seo_noindex":false,"_jetpack_memberships_contains_paid_content":false,"footnotes":"","jetpack_publicize_message":"","jetpack_publicize_feature_enabled":true,"jetpack_social_post_already_shared":true,"jetpack_social_options":{"image_generator_settings":{"template":"highway","default_image_id":0,"font":"","enabled":false},"version":2}},"categories":[1896],"tags":[78],"class_list":["post-78004","post","type-post","status-publish","format-standard","has-post-thumbnail","hentry","category-destacado-portada","tag-rafael-nadal"],"jetpack_publicize_connections":[],"jetpack_featured_media_url":"https:\/\/portaltactica.com\/wp-content\/uploads\/2023\/11\/9-5.jpg","jetpack_sharing_enabled":true,"_links":{"self":[{"href":"https:\/\/portaltactica.com\/index.php?rest_route=\/wp\/v2\/posts\/78004","targetHints":{"allow":["GET"]}}],"collection":[{"href":"https:\/\/portaltactica.com\/index.php?rest_route=\/wp\/v2\/posts"}],"about":[{"href":"https:\/\/portaltactica.com\/index.php?rest_route=\/wp\/v2\/types\/post"}],"author":[{"embeddable":true,"href":"https:\/\/portaltactica.com\/index.php?rest_route=\/wp\/v2\/users\/2"}],"replies":[{"embeddable":true,"href":"https:\/\/portaltactica.com\/index.php?rest_route=%2Fwp%2Fv2%2Fcomments&post=78004"}],"version-history":[{"count":2,"href":"https:\/\/portaltactica.com\/index.php?rest_route=\/wp\/v2\/posts\/78004\/revisions"}],"predecessor-version":[{"id":78007,"href":"https:\/\/portaltactica.com\/index.php?rest_route=\/wp\/v2\/posts\/78004\/revisions\/78007"}],"wp:featuredmedia":[{"embeddable":true,"href":"https:\/\/portaltactica.com\/index.php?rest_route=\/wp\/v2\/media\/78005"}],"wp:attachment":[{"href":"https:\/\/portaltactica.com\/index.php?rest_route=%2Fwp%2Fv2%2Fmedia&parent=78004"}],"wp:term":[{"taxonomy":"category","embeddable":true,"href":"https:\/\/portaltactica.com\/index.php?rest_route=%2Fwp%2Fv2%2Fcategories&post=78004"},{"taxonomy":"post_tag","embeddable":true,"href":"https:\/\/portaltactica.com\/index.php?rest_route=%2Fwp%2Fv2%2Ftags&post=78004"}],"curies":[{"name":"wp","href":"https:\/\/api.w.org\/{rel}","templated":true}]}}