{"id":77589,"date":"2023-11-06T17:49:04","date_gmt":"2023-11-07T00:49:04","guid":{"rendered":"https:\/\/portaltactica.com\/?p=77589"},"modified":"2023-11-06T17:49:05","modified_gmt":"2023-11-07T00:49:05","slug":"la-seleccion-mexicana-sub-23-de-los-panamericanos-sera-considerada-en-la-preparacion-para-el-mundial-2026","status":"publish","type":"post","link":"https:\/\/portaltactica.com\/?p=77589","title":{"rendered":"La Selecci\u00f3n Mexicana Sub-23 de los Panamericanos ser\u00e1 considerada en la preparaci\u00f3n para el Mundial 2026"},"content":{"rendered":"\n<p><strong>Duilio Davino<\/strong>, director deportivo de <strong>Selecciones Nacionales<\/strong>, prometi\u00f3 que la generaci\u00f3n que gan\u00f3 la medalla de bronce en los Juegos Panamericanos de Santiago 2023 tendr\u00e1 continuidad y ser\u00e1 tomada en cuenta por <strong>Jaime Lozano <\/strong>rumbo al <strong>Mundial 2026<\/strong>.<\/p>\n\n\n\n<p>\u201cEsta generaci\u00f3n no la vamos a dejar olvidada, son cuatro categor\u00edas a las que hay que darles seguimiento, en estos dos a\u00f1os y medio vamos a tenerle que dar competencia, el cuerpo t\u00e9cnico trabajar\u00e1 de la mano con los clubes.<\/p>\n\n\n\n<p>\u201cDe esta generaci\u00f3n hay que sacar buenos jugadores que seguro nos seguir\u00e1n ayudar\u00e1n para el Mundial 2026\u201d, sentenci\u00f3 a los medios de comunicaci\u00f3n despu\u00e9s de que el Tri Sub-23 se quedara con el tercer lugar tras golear 4-1 a Estados Unidos.<\/p>\n\n\n\n<h2 class=\"wp-block-heading\">Ricardo Cadena: \u201cQuer\u00edamos el oro\u201d<\/h2>\n\n\n\n<p>Por otro lado,&nbsp;<strong>Ricardo Cadena<\/strong>, t\u00e9cnico de la Selecci\u00f3n Mexicana Sub-23, lament\u00f3 que la contundencia tardara en llegar en su equipo, pues consider\u00f3 que ten\u00eda el nivel para proclamarse campe\u00f3n.<\/p>\n\n\n\n<p>\u201cMe habr\u00eda gustado estar en la Final y disputar el oro porque considero que los muchachos ten\u00edan el nivel, la capacidad y los m\u00e9ritos, pero al final esto es de hacer goles, no pudimos convertir en la primera fase, es algo que nos cost\u00f3. \u00bfC\u00f3mo quer\u00edamos la medalla si no hac\u00edamos goles? Los chavos al final encontraron esa contundencia y es por eso que nos trajimos el bronce\u201d, se\u00f1al\u00f3.<\/p>\n\n\n\n<p>M\u00e9xico anot\u00f3 sus primeros goles ante Estados Unidos en el duelo por el tercer puesto, ya que en la Fase de Grupos tuvieron a favor un autogol de Uruguay y en las Semifinales perdieron 1-0 contra Brasil.<\/p>\n<div class='share-to-whatsapp-wrapper'><div class='share-on-whsp'>Share on: <\/div><a data-text='La Selecci\u00f3n Mexicana Sub-23 de los Panamericanos ser\u00e1 considerada en la preparaci\u00f3n para el Mundial 2026' data-link='https:\/\/portaltactica.com\/?p=77589' class='whatsapp-button whatsapp-share'>WhatsApp<\/a><div class='clear '><\/div><\/div>","protected":false},"excerpt":{"rendered":"<p>Duilio Davino, director deportivo de Selecciones Nacionales, prometi\u00f3 que la generaci\u00f3n que gan\u00f3 la medalla de bronce en los Juegos Panamericanos&hellip;<\/p>\n","protected":false},"author":2,"featured_media":77588,"comment_status":"closed","ping_status":"","sticky":false,"template":"","format":"standard","meta":{"advanced_seo_description":"","jetpack_seo_html_title":"","jetpack_seo_noindex":false,"_jetpack_memberships_contains_paid_content":false,"footnotes":"","jetpack_publicize_message":"","jetpack_publicize_feature_enabled":true,"jetpack_social_post_already_shared":true,"jetpack_social_options":{"image_generator_settings":{"template":"highway","default_image_id":0,"font":"","enabled":false},"version":2}},"categories":[7],"tags":[],"class_list":["post-77589","post","type-post","status-publish","format-standard","has-post-thumbnail","hentry","category-nacional"],"jetpack_publicize_connections":[],"jetpack_featured_media_url":"https:\/\/portaltactica.com\/wp-content\/uploads\/2023\/11\/img_6015.jpg","jetpack_sharing_enabled":true,"_links":{"self":[{"href":"https:\/\/portaltactica.com\/index.php?rest_route=\/wp\/v2\/posts\/77589","targetHints":{"allow":["GET"]}}],"collection":[{"href":"https:\/\/portaltactica.com\/index.php?rest_route=\/wp\/v2\/posts"}],"about":[{"href":"https:\/\/portaltactica.com\/index.php?rest_route=\/wp\/v2\/types\/post"}],"author":[{"embeddable":true,"href":"https:\/\/portaltactica.com\/index.php?rest_route=\/wp\/v2\/users\/2"}],"replies":[{"embeddable":true,"href":"https:\/\/portaltactica.com\/index.php?rest_route=%2Fwp%2Fv2%2Fcomments&post=77589"}],"version-history":[{"count":1,"href":"https:\/\/portaltactica.com\/index.php?rest_route=\/wp\/v2\/posts\/77589\/revisions"}],"predecessor-version":[{"id":77590,"href":"https:\/\/portaltactica.com\/index.php?rest_route=\/wp\/v2\/posts\/77589\/revisions\/77590"}],"wp:featuredmedia":[{"embeddable":true,"href":"https:\/\/portaltactica.com\/index.php?rest_route=\/wp\/v2\/media\/77588"}],"wp:attachment":[{"href":"https:\/\/portaltactica.com\/index.php?rest_route=%2Fwp%2Fv2%2Fmedia&parent=77589"}],"wp:term":[{"taxonomy":"category","embeddable":true,"href":"https:\/\/portaltactica.com\/index.php?rest_route=%2Fwp%2Fv2%2Fcategories&post=77589"},{"taxonomy":"post_tag","embeddable":true,"href":"https:\/\/portaltactica.com\/index.php?rest_route=%2Fwp%2Fv2%2Ftags&post=77589"}],"curies":[{"name":"wp","href":"https:\/\/api.w.org\/{rel}","templated":true}]}}