{"id":77232,"date":"2023-10-30T15:16:09","date_gmt":"2023-10-30T22:16:09","guid":{"rendered":"https:\/\/portaltactica.com\/?p=77232"},"modified":"2023-10-30T15:16:11","modified_gmt":"2023-10-30T22:16:11","slug":"tchouameni-sera-baja-en-el-real-madrid-por-el-resto-del-ano","status":"publish","type":"post","link":"https:\/\/portaltactica.com\/?p=77232","title":{"rendered":"Tchouamen\u00ed ser\u00e1 baja en el Real Madrid por el resto del a\u00f1o"},"content":{"rendered":"\n<p><span style=\", Open-fallback, Arial, sans-serif;font-size: 1.25rem;letter-spacing: 0.1px\">Durante el\u00a0<\/span><b style=\", Open-fallback, Arial, sans-serif;font-size: 1.25rem;letter-spacing: 0.1px\">Cl\u00e1sico,<\/b><span style=\", Open-fallback, Arial, sans-serif;font-size: 1.25rem;letter-spacing: 0.1px\">\u00a0<\/span><b style=\", Open-fallback, Arial, sans-serif;font-size: 1.25rem;letter-spacing: 0.1px\">Barcelona<\/b><span style=\", Open-fallback, Arial, sans-serif;font-size: 1.25rem;letter-spacing: 0.1px\">\u00a0contra\u00a0<\/span><b style=\", Open-fallback, Arial, sans-serif;font-size: 1.25rem;letter-spacing: 0.1px\">Real Madrid<\/b><span style=\", Open-fallback, Arial, sans-serif;font-size: 1.25rem;letter-spacing: 0.1px\">,\u00a0<\/span><b style=\", Open-fallback, Arial, sans-serif;font-size: 1.25rem;letter-spacing: 0.1px\">Tchouamen\u00ed<\/b><span style=\", Open-fallback, Arial, sans-serif;font-size: 1.25rem;letter-spacing: 0.1px\">\u00a0se vio envuelto en una acci\u00f3n con\u00a0<\/span><b style=\", Open-fallback, Arial, sans-serif;font-size: 1.25rem;letter-spacing: 0.1px\">Gavi<\/b><span style=\", Open-fallback, Arial, sans-serif;font-size: 1.25rem;letter-spacing: 0.1px\">, lo que ocasion\u00f3 que el\u00a0<\/span><b style=\", Open-fallback, Arial, sans-serif;font-size: 1.25rem;letter-spacing: 0.1px\">franc\u00e9s<\/b><span style=\", Open-fallback, Arial, sans-serif;font-size: 1.25rem;letter-spacing: 0.1px\">\u00a0terminara\u00a0<\/span><b style=\", Open-fallback, Arial, sans-serif;font-size: 1.25rem;letter-spacing: 0.1px\">lesionado<\/b><span style=\", Open-fallback, Arial, sans-serif;font-size: 1.25rem;letter-spacing: 0.1px\">\u00a0y\u00a0<\/span><b style=\", Open-fallback, Arial, sans-serif;font-size: 1.25rem;letter-spacing: 0.1px\">abandonando<\/b><span style=\", Open-fallback, Arial, sans-serif;font-size: 1.25rem;letter-spacing: 0.1px\">\u00a0el campo, pero ante los rumores de las\u00a0<\/span><b style=\", Open-fallback, Arial, sans-serif;font-size: 1.25rem;letter-spacing: 0.1px\">malas intenciones<\/b><span style=\", Open-fallback, Arial, sans-serif;font-size: 1.25rem;letter-spacing: 0.1px\">\u00a0del jugador del\u00a0<\/span><b style=\", Open-fallback, Arial, sans-serif;font-size: 1.25rem;letter-spacing: 0.1px\">Barcelona<\/b><span style=\", Open-fallback, Arial, sans-serif;font-size: 1.25rem;letter-spacing: 0.1px\">,\u00a0<\/span><b style=\", Open-fallback, Arial, sans-serif;font-size: 1.25rem;letter-spacing: 0.1px\">Aur\u00e9lien<\/b><span style=\", Open-fallback, Arial, sans-serif;font-size: 1.25rem;letter-spacing: 0.1px\">\u00a0exculp\u00f3 al\u00a0<\/span><b style=\", Open-fallback, Arial, sans-serif;font-size: 1.25rem;letter-spacing: 0.1px\">espa\u00f1ol<\/b><span style=\", Open-fallback, Arial, sans-serif;font-size: 1.25rem;letter-spacing: 0.1px\">.<\/span><\/p>\n\n\n\n<p>Tras confirmarse una&nbsp;<strong>fractura<\/strong>&nbsp;en el&nbsp;<strong>segundo metatarsiano<\/strong>&nbsp;del&nbsp;<strong>pie izquierdo<\/strong>, el conjunto&nbsp;<strong>merengue<\/strong>&nbsp;declar\u00f3 que&nbsp;<strong>Tchouamen\u00ed<\/strong>&nbsp;se&nbsp;<strong>perder\u00e1<\/strong>&nbsp;lo que resta del&nbsp;<strong>2023<\/strong>.<\/p>\n\n\n\n<p>\u201cTras las pruebas realizadas a nuestro jugador\u00a0<strong>Aur\u00e9lien Tchouam\u00e9ni<\/strong>, por los\u00a0<strong>Servicios M\u00e9dicos del Real Madrid<\/strong>, se le ha\u00a0<strong>diagnosticado<\/strong>\u00a0una\u00a0<strong>fractura<\/strong>\u00a0por estr\u00e9s incompleta en el\u00a0<strong>segundo metatarsiano\u00a0<\/strong>del pie izquierdo\u201d, se lee en el comunicado.<\/p>\n\n\n\n<p>El&nbsp;<strong>centrocampista<\/strong>&nbsp;se perder\u00e1 los partidos contra&nbsp;<strong>Rayo Vallecano, Valencia, Cadiz, Granada, Betis y Villarreal<\/strong>&nbsp;en liga, as\u00ed como la vuelta de la fase de grupos de la&nbsp;<strong>Champions<\/strong>.<\/p>\n\n\n\n<p>Se estima que pueda llegar a jugar la&nbsp;<strong>Supercopa<\/strong>&nbsp;de&nbsp;<strong>Espa\u00f1a<\/strong>&nbsp;contra el&nbsp;<strong>Alav\u00e9s<\/strong>, que comienza en enero del&nbsp;<strong>2024<\/strong>.<\/p>\n\n\n\n<p><strong>Aur\u00e9lien Tchouamen\u00ed&nbsp;<\/strong>se uni\u00f3 a la lista de&nbsp;<strong>bajas<\/strong>&nbsp;en la que&nbsp;<strong>Thibaut Courtois<\/strong>&nbsp;y&nbsp;<strong>Eder Militao<\/strong>&nbsp;comparten, siendo los jugadores que m\u00e1s partidos se&nbsp;<strong>perder\u00e1n<\/strong>&nbsp;en la temporada.<\/p>\n\n\n\n<p><div><font color=\"#373742\" face=\"Open Sans, Open-fallback, Arial, sans-serif\"><span style=\"font-size: 20px;letter-spacing: 0.1px\"><\/span><\/font><\/div><\/p>\n<div class='share-to-whatsapp-wrapper'><div class='share-on-whsp'>Share on: <\/div><a data-text='Tchouamen\u00ed ser\u00e1 baja en el Real Madrid por el resto del a\u00f1o' data-link='https:\/\/portaltactica.com\/?p=77232' class='whatsapp-button whatsapp-share'>WhatsApp<\/a><div class='clear '><\/div><\/div>","protected":false},"excerpt":{"rendered":"<p>Durante el\u00a0Cl\u00e1sico,\u00a0Barcelona\u00a0contra\u00a0Real Madrid,\u00a0Tchouamen\u00ed\u00a0se vio envuelto en una acci\u00f3n con\u00a0Gavi, lo que ocasion\u00f3 que el\u00a0franc\u00e9s\u00a0terminara\u00a0lesionado\u00a0y\u00a0abandonando\u00a0el campo, pero ante los rumores de las\u00a0malas&hellip;<\/p>\n","protected":false},"author":2,"featured_media":77233,"comment_status":"closed","ping_status":"closed","sticky":false,"template":"","format":"standard","meta":{"advanced_seo_description":"","jetpack_seo_html_title":"","jetpack_seo_noindex":false,"_jetpack_memberships_contains_paid_content":false,"footnotes":"","jetpack_publicize_message":"","jetpack_publicize_feature_enabled":true,"jetpack_social_post_already_shared":true,"jetpack_social_options":{"image_generator_settings":{"template":"highway","default_image_id":0,"font":"","enabled":false},"version":2}},"categories":[6],"tags":[4930,32],"class_list":["post-77232","post","type-post","status-publish","format-standard","has-post-thumbnail","hentry","category-internacional","tag-aurelien-tchouameni","tag-real-madrid"],"jetpack_publicize_connections":[],"jetpack_featured_media_url":"https:\/\/portaltactica.com\/wp-content\/uploads\/2023\/10\/11-14.jpg","jetpack_sharing_enabled":true,"_links":{"self":[{"href":"https:\/\/portaltactica.com\/index.php?rest_route=\/wp\/v2\/posts\/77232","targetHints":{"allow":["GET"]}}],"collection":[{"href":"https:\/\/portaltactica.com\/index.php?rest_route=\/wp\/v2\/posts"}],"about":[{"href":"https:\/\/portaltactica.com\/index.php?rest_route=\/wp\/v2\/types\/post"}],"author":[{"embeddable":true,"href":"https:\/\/portaltactica.com\/index.php?rest_route=\/wp\/v2\/users\/2"}],"replies":[{"embeddable":true,"href":"https:\/\/portaltactica.com\/index.php?rest_route=%2Fwp%2Fv2%2Fcomments&post=77232"}],"version-history":[{"count":1,"href":"https:\/\/portaltactica.com\/index.php?rest_route=\/wp\/v2\/posts\/77232\/revisions"}],"predecessor-version":[{"id":77234,"href":"https:\/\/portaltactica.com\/index.php?rest_route=\/wp\/v2\/posts\/77232\/revisions\/77234"}],"wp:featuredmedia":[{"embeddable":true,"href":"https:\/\/portaltactica.com\/index.php?rest_route=\/wp\/v2\/media\/77233"}],"wp:attachment":[{"href":"https:\/\/portaltactica.com\/index.php?rest_route=%2Fwp%2Fv2%2Fmedia&parent=77232"}],"wp:term":[{"taxonomy":"category","embeddable":true,"href":"https:\/\/portaltactica.com\/index.php?rest_route=%2Fwp%2Fv2%2Fcategories&post=77232"},{"taxonomy":"post_tag","embeddable":true,"href":"https:\/\/portaltactica.com\/index.php?rest_route=%2Fwp%2Fv2%2Ftags&post=77232"}],"curies":[{"name":"wp","href":"https:\/\/api.w.org\/{rel}","templated":true}]}}