{"id":73957,"date":"2023-08-15T09:05:14","date_gmt":"2023-08-15T15:05:14","guid":{"rendered":"https:\/\/portaltactica.com\/?p=73957"},"modified":"2023-08-15T09:05:16","modified_gmt":"2023-08-15T15:05:16","slug":"de-bruyne-podria-ser-baja-hasta-cuatro-meses-por-lesion-en-el-tendon","status":"publish","type":"post","link":"https:\/\/portaltactica.com\/?p=73957","title":{"rendered":"De Bruyne podr\u00eda ser baja hasta cuatro meses por lesi\u00f3n en el tend\u00f3n"},"content":{"rendered":"\n<p>Kevin de Bruyne podr\u00eda perderse los pr\u00f3ximos cuatro meses de la temporada mientras el Manchester City decide si necesita cirug\u00eda por una lesi\u00f3n en el tend\u00f3n, dice Pep Guardiola.<\/p>\n\n\n\n<p>El jugador de 32 a\u00f1os sali\u00f3 cojeando despu\u00e9s de 23 minutos en la victoria inicial del City contra Burnley en Turf Moor el viernes.<\/p>\n\n\n\n<p>De Bruyne tambi\u00e9n sali\u00f3 lesionado durante la victoria final de la Liga de Campeones sobre el Inter de Mil\u00e1n en junio.<\/p>\n\n\n\n<p>&#8220;Es una lesi\u00f3n grave&#8221;, dijo Guardiola.<\/p>\n\n\n\n<p>El internacional belga se perdi\u00f3 todos los partidos de pretemporada del City y regres\u00f3 como suplente en la segunda mitad en la derrota de la Community Shield ante el Arsenal.<\/p>\n\n\n\n<p>&#8220;Tenemos que decidir si necesita cirug\u00eda o no, pero estar\u00e1 fuera unos meses&#8221;, agreg\u00f3 Guardiola, quien confirm\u00f3 que el problema de De Bruyne est\u00e1 relacionado con el mismo tend\u00f3n de la corva.<\/p>\n\n\n\n<p>&#8220;La decisi\u00f3n sobre la cirug\u00eda se tomar\u00e1 en los pr\u00f3ximos d\u00edas y podr\u00eda perderse tres o cuatro meses&#8221;.<\/p>\n\n\n\n<p>De Bruyne anot\u00f3 10 goles y brind\u00f3 31 asistencias cuando el City gan\u00f3 la Champions League, la Premier League y la FA Cup la temporada pasada.<\/p>\n\n\n\n<p>Dijo a principios de este mes que hab\u00eda estado jugando con el dolor de una lesi\u00f3n en el tend\u00f3n de la corva durante los \u00faltimos dos meses de la temporada, pero Guardiola dijo que se hab\u00edan tomado todas las precauciones antes del partido contra Burnley.<\/p>\n\n\n\n<p>&#8220;Podr\u00edamos decir que no juegue, pero esta lesi\u00f3n podr\u00eda ocurrir m\u00e1s tarde&#8221;, dijo el t\u00e9cnico espa\u00f1ol. &#8220;Antes de tomar la decisi\u00f3n habl\u00e9 con el m\u00e9dico, el fisio y \u00e9l. Dijo que se sent\u00eda bien&#8221;.<\/p>\n\n\n\n<p>En cuanto a si el City intentar\u00e1 traer refuerzos antes de que cierre la ventana de fichajes, Guardiola dijo: &#8220;Ya veremos. Despu\u00e9s de lo que pas\u00f3, veremos las posibilidades&#8221;.<\/p>\n\n\n\n<p>El City se enfrenta al Sevilla, ganador de la Europa League, en la Supercopa de Atenas, Grecia, el mi\u00e9rcoles a las 20:00 BST.<\/p>\n<div class='share-to-whatsapp-wrapper'><div class='share-on-whsp'>Share on: <\/div><a data-text='De Bruyne podr\u00eda ser baja hasta cuatro meses por lesi\u00f3n en el tend\u00f3n' data-link='https:\/\/portaltactica.com\/?p=73957' class='whatsapp-button whatsapp-share'>WhatsApp<\/a><div class='clear '><\/div><\/div>","protected":false},"excerpt":{"rendered":"<p>Kevin de Bruyne podr\u00eda perderse los pr\u00f3ximos cuatro meses de la temporada mientras el Manchester City decide si necesita cirug\u00eda por&hellip;<\/p>\n","protected":false},"author":2,"featured_media":73958,"comment_status":"closed","ping_status":"closed","sticky":false,"template":"","format":"standard","meta":{"advanced_seo_description":"","jetpack_seo_html_title":"","jetpack_seo_noindex":false,"_jetpack_memberships_contains_paid_content":false,"footnotes":"","jetpack_publicize_message":"","jetpack_publicize_feature_enabled":true,"jetpack_social_post_already_shared":true,"jetpack_social_options":{"image_generator_settings":{"template":"highway","default_image_id":0,"font":"","enabled":false},"version":2}},"categories":[6],"tags":[3578],"class_list":["post-73957","post","type-post","status-publish","format-standard","has-post-thumbnail","hentry","category-internacional","tag-kevin-de-bruyne"],"jetpack_publicize_connections":[],"jetpack_featured_media_url":"https:\/\/portaltactica.com\/wp-content\/uploads\/2023\/08\/3-10.jpg","jetpack_sharing_enabled":true,"_links":{"self":[{"href":"https:\/\/portaltactica.com\/index.php?rest_route=\/wp\/v2\/posts\/73957","targetHints":{"allow":["GET"]}}],"collection":[{"href":"https:\/\/portaltactica.com\/index.php?rest_route=\/wp\/v2\/posts"}],"about":[{"href":"https:\/\/portaltactica.com\/index.php?rest_route=\/wp\/v2\/types\/post"}],"author":[{"embeddable":true,"href":"https:\/\/portaltactica.com\/index.php?rest_route=\/wp\/v2\/users\/2"}],"replies":[{"embeddable":true,"href":"https:\/\/portaltactica.com\/index.php?rest_route=%2Fwp%2Fv2%2Fcomments&post=73957"}],"version-history":[{"count":1,"href":"https:\/\/portaltactica.com\/index.php?rest_route=\/wp\/v2\/posts\/73957\/revisions"}],"predecessor-version":[{"id":73959,"href":"https:\/\/portaltactica.com\/index.php?rest_route=\/wp\/v2\/posts\/73957\/revisions\/73959"}],"wp:featuredmedia":[{"embeddable":true,"href":"https:\/\/portaltactica.com\/index.php?rest_route=\/wp\/v2\/media\/73958"}],"wp:attachment":[{"href":"https:\/\/portaltactica.com\/index.php?rest_route=%2Fwp%2Fv2%2Fmedia&parent=73957"}],"wp:term":[{"taxonomy":"category","embeddable":true,"href":"https:\/\/portaltactica.com\/index.php?rest_route=%2Fwp%2Fv2%2Fcategories&post=73957"},{"taxonomy":"post_tag","embeddable":true,"href":"https:\/\/portaltactica.com\/index.php?rest_route=%2Fwp%2Fv2%2Ftags&post=73957"}],"curies":[{"name":"wp","href":"https:\/\/api.w.org\/{rel}","templated":true}]}}