{"id":72706,"date":"2023-07-06T16:05:24","date_gmt":"2023-07-06T22:05:24","guid":{"rendered":"https:\/\/portaltactica.com\/?p=72706"},"modified":"2023-07-06T16:05:42","modified_gmt":"2023-07-06T22:05:42","slug":"presenta-delfines-su-campamento-de-verano-de-basquetbol","status":"publish","type":"post","link":"https:\/\/portaltactica.com\/?p=72706","title":{"rendered":"Presenta Delfines su campamento de verano de basquetbol"},"content":{"rendered":"\n<p>Se espera que participen m\u00e1s de 60 alumnos a lo largo de las actividades que se llevar\u00e1n a cabo en las instalaciones de la Unidad Deportiva Benito Ju\u00e1rez.<\/p>\n\n\n\n<p>Mazatl\u00e1n, Sinaloa a 6 de julio de 2023.- Con el objetivo de reforzar los conocimientos de basquetbolistas destacados del puerto, y la posibilidad de optar por una beca universitaria, la Academia Delfines present\u00f3 su Curso de Verano, con el apoyo del Instituto Municipal del Deporte.<br><br>Jos\u00e9 \u00c1ngel Vega Salcido, coordinador de Deporte Federado y Adaptando, Sergio Hern\u00e1ndez, presidente de Club Delfines de Mazatl\u00e1n, as\u00ed como el coach Pablo Andrade, y Everardo Andrade, patrocinador del Muchacho Alegre, anunciaron el campamento que se llevar\u00e1 a cabo del 10 al 19 de julio.<br><br>&#8220;Quiero saludarlos de parte de Fabiola Verde, directora del Imdem, ella est\u00e1 encantada de apoyar este tipo de proyectos que sean para beneficio de nuestros deportistas y de la ciudadan\u00eda, as\u00ed como a todo lo que sea para bien del baloncesto en Mazatl\u00e1n&#8221;, mencion\u00f3 Vega Salcido.<br><br>Est\u00e1 ser\u00e1 la tercera edici\u00f3n del campamento, por lo que se espera superar los 43 alumnos que asistieron en 2022. Hasta el momento se han inscrito 60 participantes.<br><br>La capacitaci\u00f3n se realizar\u00e1 en cuatro grupos, el primero con la psic\u00f3loga Perla Valdez, un segundo para la preparaci\u00f3n f\u00edsica, a cargo de Hugo Hern\u00e1ndez, el tercero con el jugador Pablo Andrade Silva y el coach Juan Solano, as\u00ed como un \u00faltimo, con el entrenador Pablo Andrade.<br><br>El curso se dividir\u00e1 en ni\u00f1os y ni\u00f1as en cuatro categor\u00edas, de 5 a 9 a\u00f1os, de 10 a 12 a\u00f1os, de 13 a 15 a\u00f1os, con una \u00faltima categor\u00eda de 16 y 18 a\u00f1os.<br><br>Para los que deseen inscribirse en el campamento de verano pueden hacerlo al tel\u00e9fono  6691 54 40 34, con el coach Pablo Andrade. El costo ser\u00e1 de mil 500 pesos por persona.<\/p>\n\n\n\n<figure class=\"wp-block-image size-large\"><img fetchpriority=\"high\" decoding=\"async\" width=\"1024\" height=\"1024\" src=\"https:\/\/portaltactica.com\/wp-content\/uploads\/2023\/07\/IMG-20230706-WA0078-1024x1024.jpg\" alt=\"\" class=\"wp-image-72704\" srcset=\"https:\/\/portaltactica.com\/wp-content\/uploads\/2023\/07\/IMG-20230706-WA0078-1024x1024.jpg 1024w, https:\/\/portaltactica.com\/wp-content\/uploads\/2023\/07\/IMG-20230706-WA0078-300x300.jpg 300w, https:\/\/portaltactica.com\/wp-content\/uploads\/2023\/07\/IMG-20230706-WA0078-585x585.jpg 585w\" sizes=\"(max-width: 1024px) 100vw, 1024px\" \/><\/figure>\n\n\n\n<figure class=\"wp-block-image\"><img decoding=\"async\" width=\"1024\" height=\"1024\" src=\"https:\/\/portaltactica.com\/wp-content\/uploads\/2023\/07\/IMG-20230706-WA0079-1024x1024.jpg\" alt=\"\" class=\"wp-image-72702\" srcset=\"https:\/\/portaltactica.com\/wp-content\/uploads\/2023\/07\/IMG-20230706-WA0079-1024x1024.jpg 1024w, https:\/\/portaltactica.com\/wp-content\/uploads\/2023\/07\/IMG-20230706-WA0079-300x300.jpg 300w, https:\/\/portaltactica.com\/wp-content\/uploads\/2023\/07\/IMG-20230706-WA0079-585x585.jpg 585w\" sizes=\"(max-width: 1024px) 100vw, 1024px\" \/><\/figure>\n\n\n\n<figure class=\"wp-block-image\"><img decoding=\"async\" width=\"1024\" height=\"1024\" src=\"https:\/\/portaltactica.com\/wp-content\/uploads\/2023\/07\/IMG-20230706-WA0077-1024x1024.jpg\" alt=\"\" class=\"wp-image-72703\" srcset=\"https:\/\/portaltactica.com\/wp-content\/uploads\/2023\/07\/IMG-20230706-WA0077-1024x1024.jpg 1024w, https:\/\/portaltactica.com\/wp-content\/uploads\/2023\/07\/IMG-20230706-WA0077-300x300.jpg 300w, https:\/\/portaltactica.com\/wp-content\/uploads\/2023\/07\/IMG-20230706-WA0077-585x585.jpg 585w\" sizes=\"(max-width: 1024px) 100vw, 1024px\" \/><\/figure>\n<div class='share-to-whatsapp-wrapper'><div class='share-on-whsp'>Share on: <\/div><a data-text='Presenta Delfines su campamento de verano de basquetbol' data-link='https:\/\/portaltactica.com\/?p=72706' class='whatsapp-button whatsapp-share'>WhatsApp<\/a><div class='clear '><\/div><\/div>","protected":false},"excerpt":{"rendered":"<p>Se espera que participen m\u00e1s de 60 alumnos a lo largo de las actividades que se llevar\u00e1n a cabo en las&hellip;<\/p>\n","protected":false},"author":1,"featured_media":72705,"comment_status":"closed","ping_status":"","sticky":false,"template":"","format":"standard","meta":{"advanced_seo_description":"","jetpack_seo_html_title":"","jetpack_seo_noindex":false,"_jetpack_memberships_contains_paid_content":false,"footnotes":"","jetpack_publicize_message":"","jetpack_publicize_feature_enabled":true,"jetpack_social_post_already_shared":true,"jetpack_social_options":{"image_generator_settings":{"template":"highway","default_image_id":0,"font":"","enabled":false},"version":2}},"categories":[1899],"tags":[37],"class_list":["post-72706","post","type-post","status-publish","format-standard","has-post-thumbnail","hentry","category-destacado-mazatlan","tag-imdem"],"jetpack_publicize_connections":[],"jetpack_featured_media_url":"https:\/\/portaltactica.com\/wp-content\/uploads\/2023\/07\/IMG-20230706-WA0076.jpg","jetpack_sharing_enabled":true,"_links":{"self":[{"href":"https:\/\/portaltactica.com\/index.php?rest_route=\/wp\/v2\/posts\/72706","targetHints":{"allow":["GET"]}}],"collection":[{"href":"https:\/\/portaltactica.com\/index.php?rest_route=\/wp\/v2\/posts"}],"about":[{"href":"https:\/\/portaltactica.com\/index.php?rest_route=\/wp\/v2\/types\/post"}],"author":[{"embeddable":true,"href":"https:\/\/portaltactica.com\/index.php?rest_route=\/wp\/v2\/users\/1"}],"replies":[{"embeddable":true,"href":"https:\/\/portaltactica.com\/index.php?rest_route=%2Fwp%2Fv2%2Fcomments&post=72706"}],"version-history":[{"count":1,"href":"https:\/\/portaltactica.com\/index.php?rest_route=\/wp\/v2\/posts\/72706\/revisions"}],"predecessor-version":[{"id":72707,"href":"https:\/\/portaltactica.com\/index.php?rest_route=\/wp\/v2\/posts\/72706\/revisions\/72707"}],"wp:featuredmedia":[{"embeddable":true,"href":"https:\/\/portaltactica.com\/index.php?rest_route=\/wp\/v2\/media\/72705"}],"wp:attachment":[{"href":"https:\/\/portaltactica.com\/index.php?rest_route=%2Fwp%2Fv2%2Fmedia&parent=72706"}],"wp:term":[{"taxonomy":"category","embeddable":true,"href":"https:\/\/portaltactica.com\/index.php?rest_route=%2Fwp%2Fv2%2Fcategories&post=72706"},{"taxonomy":"post_tag","embeddable":true,"href":"https:\/\/portaltactica.com\/index.php?rest_route=%2Fwp%2Fv2%2Ftags&post=72706"}],"curies":[{"name":"wp","href":"https:\/\/api.w.org\/{rel}","templated":true}]}}