{"id":69477,"date":"2023-03-27T14:38:38","date_gmt":"2023-03-27T21:38:38","guid":{"rendered":"https:\/\/portaltactica.com\/?p=69477"},"modified":"2023-03-27T14:38:38","modified_gmt":"2023-03-27T21:38:38","slug":"extiende-la-uas-al-29-de-marzo-el-plazo-para-concluir-el-proceso-de-preinscripcion","status":"publish","type":"post","link":"https:\/\/portaltactica.com\/?p=69477","title":{"rendered":"Extiende la UAS al 29 de marzo el plazo para concluir el proceso de preinscripci\u00f3n"},"content":{"rendered":"\n<p>La Universidad Aut\u00f3noma de Sinaloa (UAS) ampl\u00eda el plazo al mi\u00e9rcoles 29 de marzo para que los j\u00f3venes que adquirieron una ficha de preinscripci\u00f3n tanto en el primero como en el segundo momento, culminen su proceso, as\u00ed lo dio a conocer el rector, doctor Jes\u00fas Madue\u00f1a Molina, en su car\u00e1cter de presidente de la Comisi\u00f3n Institucional de Admisi\u00f3n.<\/p>\n\n\n\n<p><br>Durante la sesi\u00f3n extraordinaria permanente del H. Consejo Universitario, Madue\u00f1a Molina detall\u00f3 que, de acuerdo a un reporte de la Direcci\u00f3n General de Servicios Escolares, a\u00fan hay muchos aspirantes que siguen sin terminar el procedimiento, el cual incluye subir el expediente de documentos e imprimir el pase al examen de admisi\u00f3n que se llevar\u00e1 a cabo el pr\u00f3ximo mes de mayo.<\/p>\n\n\n\n<p><br>\u201cTodo el que no haya terminado el proceso le daremos oportunidad para el mi\u00e9rcoles de la pr\u00f3xima semana y entonces se cerrar\u00e1 de manera definitiva, para iniciar los preparativos de ex\u00e1menes de admisi\u00f3n\u201d, expres\u00f3 el Rector.<\/p>\n\n\n\n<p><br>Cabe se\u00f1alar que el plazo para cerrar el proceso de preinscripciones culminaba el viernes 24 de marzo, ahora se prorroga para el mi\u00e9rcoles 29 de marzo, por lo que el Rector aclar\u00f3 que, en el caso del nivel superior, quienes no concluyan el proceso no podr\u00e1n hacer su examen de admisi\u00f3n; y para los aspirantes de bachillerato, todo aquel que haya culminado su proceso, tiene asegurado su lugar en preparatoria.<\/p>\n\n\n\n<figure class=\"wp-block-image size-large\"><img fetchpriority=\"high\" decoding=\"async\" width=\"1024\" height=\"1024\" src=\"https:\/\/portaltactica.com\/wp-content\/uploads\/2023\/03\/IMG-20230327-WA0030-1024x1024.jpg\" alt=\"\" class=\"wp-image-69475\" srcset=\"https:\/\/portaltactica.com\/wp-content\/uploads\/2023\/03\/IMG-20230327-WA0030-1024x1024.jpg 1024w, https:\/\/portaltactica.com\/wp-content\/uploads\/2023\/03\/IMG-20230327-WA0030-300x300.jpg 300w, https:\/\/portaltactica.com\/wp-content\/uploads\/2023\/03\/IMG-20230327-WA0030-585x585.jpg 585w\" sizes=\"(max-width: 1024px) 100vw, 1024px\" \/><\/figure>\n<div class='share-to-whatsapp-wrapper'><div class='share-on-whsp'>Share on: <\/div><a data-text='Extiende la UAS al 29 de marzo el plazo para concluir el proceso de preinscripci\u00f3n' data-link='https:\/\/portaltactica.com\/?p=69477' class='whatsapp-button whatsapp-share'>WhatsApp<\/a><div class='clear '><\/div><\/div>","protected":false},"excerpt":{"rendered":"<p>La Universidad Aut\u00f3noma de Sinaloa (UAS) ampl\u00eda el plazo al mi\u00e9rcoles 29 de marzo para que los j\u00f3venes que adquirieron una&hellip;<\/p>\n","protected":false},"author":1,"featured_media":69476,"comment_status":"","ping_status":"","sticky":false,"template":"","format":"standard","meta":{"advanced_seo_description":"","jetpack_seo_html_title":"","jetpack_seo_noindex":false,"_jetpack_memberships_contains_paid_content":false,"footnotes":"","jetpack_publicize_message":"","jetpack_publicize_feature_enabled":true,"jetpack_social_post_already_shared":true,"jetpack_social_options":{"image_generator_settings":{"template":"highway","default_image_id":0,"font":"","enabled":false},"version":2}},"categories":[947],"tags":[558],"class_list":["post-69477","post","type-post","status-publish","format-standard","has-post-thumbnail","hentry","category-universidad","tag-uas"],"jetpack_publicize_connections":[],"jetpack_featured_media_url":"https:\/\/portaltactica.com\/wp-content\/uploads\/2023\/03\/IMG-20230327-WA0029.jpg","jetpack_sharing_enabled":true,"_links":{"self":[{"href":"https:\/\/portaltactica.com\/index.php?rest_route=\/wp\/v2\/posts\/69477","targetHints":{"allow":["GET"]}}],"collection":[{"href":"https:\/\/portaltactica.com\/index.php?rest_route=\/wp\/v2\/posts"}],"about":[{"href":"https:\/\/portaltactica.com\/index.php?rest_route=\/wp\/v2\/types\/post"}],"author":[{"embeddable":true,"href":"https:\/\/portaltactica.com\/index.php?rest_route=\/wp\/v2\/users\/1"}],"replies":[{"embeddable":true,"href":"https:\/\/portaltactica.com\/index.php?rest_route=%2Fwp%2Fv2%2Fcomments&post=69477"}],"version-history":[{"count":0,"href":"https:\/\/portaltactica.com\/index.php?rest_route=\/wp\/v2\/posts\/69477\/revisions"}],"wp:featuredmedia":[{"embeddable":true,"href":"https:\/\/portaltactica.com\/index.php?rest_route=\/wp\/v2\/media\/69476"}],"wp:attachment":[{"href":"https:\/\/portaltactica.com\/index.php?rest_route=%2Fwp%2Fv2%2Fmedia&parent=69477"}],"wp:term":[{"taxonomy":"category","embeddable":true,"href":"https:\/\/portaltactica.com\/index.php?rest_route=%2Fwp%2Fv2%2Fcategories&post=69477"},{"taxonomy":"post_tag","embeddable":true,"href":"https:\/\/portaltactica.com\/index.php?rest_route=%2Fwp%2Fv2%2Ftags&post=69477"}],"curies":[{"name":"wp","href":"https:\/\/api.w.org\/{rel}","templated":true}]}}