{"id":68959,"date":"2023-03-16T09:13:38","date_gmt":"2023-03-16T16:13:38","guid":{"rendered":"https:\/\/portaltactica.com\/?p=68959"},"modified":"2023-03-16T09:13:38","modified_gmt":"2023-03-16T16:13:38","slug":"disertan-conferencia-el-genocidio-armenio-y-firman-convenio","status":"publish","type":"post","link":"https:\/\/portaltactica.com\/?p=68959","title":{"rendered":"Disertan conferencia El Genocidio Armenio y firman convenio"},"content":{"rendered":"\n<p>La Universidad Aut\u00f3noma de Sinaloa a trav\u00e9s de la Facultad de Derecho Mazatl\u00e1n y la Embajada de Armenia en M\u00e9xico presentaron en el marco del Foro Universitario la conferencia \u201cEl Genocidio Armenio a la luz del Derecho Internacional\u201d, a cargo de la excelent\u00edsima Se\u00f1ora Armella Shakaryan, embajadora de la Rep\u00fablica de Armenia en los Estados Unidos Mexicanos.<br><br>Ante el Rector de la UAS, Dr. Jes\u00fas Madue\u00f1a Molina, el Vicerrector de esta regi\u00f3n, Dr. Manuel Iv\u00e1n Tostado Ram\u00edrez, entre otros funcionarios, la invitada especial comparti\u00f3 a grandes rasgos la situaci\u00f3n que vive Armenia, las relaciones diplom\u00e1ticas entre M\u00e9xico y su pa\u00eds, entre otras aristas, cautivando a los estudiantes que se dieron cita en el Teatro Universitario.<br><br>En su ponencia destac\u00f3 que el tema es muy sensible por lo tanto hizo un recuento de acuerdo a su perspectiva, siendo que a pesar de que han pasado 108 a\u00f1os de este conflicto a\u00fan no cuentan con relaciones con el pa\u00eds de Turqu\u00eda.<br><br>Shakaryan a su vez agradeci\u00f3 a la M\u00e1xima Casa de Estudios por abrir sus puertas para poder realizar este tipo de actividades acad\u00e9micas.<br><br>\u201cEs un honor y un privilegio estar aqu\u00ed, tambi\u00e9n aprecio mucho la oportunidad de estar en la Universidad de haber sido invitada por la administraci\u00f3n de la Universidad para hablar del genocidio armenio en el marco del cent\u00e9simo aniversario\u201d.<br><br>Luego de las intervenciones de la embajadora como el Ministro Plenipotenciario de la Embajada de Armenia en M\u00e9xico, Se\u00f1or Karen Martirossian, se realiz\u00f3 una firma de convenio donde el rector Dr. Jes\u00fas Madue\u00f1a Molina expres\u00f3 que con este documento se contemplan aspectos de gran relevancia para la UAS como el intercambio estudiantil, docente y gestores.<br><br>\u201cQue sea este documento el detonante de una mayor vinculaci\u00f3n entre nuestras sociedades, entre nuestras universidades Armenia y de la UAS, entre nuestros deportistas, y tambi\u00e9n entre nuestras agrupaciones art\u00edsticas. Que sea una muestra de amistad entre nuestros pueblos y fraternidad acad\u00e9mica, y de mucho entendimiento para construir juntos una ciudadan\u00eda global\u201d, puntualiz\u00f3.<br><br>Fue en abril de 1915 cuando el gobierno turco arrest\u00f3 a cerca de 50 intelectuales y l\u00edderes comunitarios armenios, los cuales ser\u00edan ejecutados posteriormente. Es en ese contexto, cuando comenzaron las matanzas. Adem\u00e1s de brindar esa informaci\u00f3n de forma diplom\u00e1tica, la embajadora expres\u00f3 las relaciones entre M\u00e9xico y Armenia cuya finalidad es realizar intercambio cultural en pro de ambas ra\u00edces geogr\u00e1ficas.<\/p>\n\n\n\n<figure class=\"wp-block-image size-large\"><img fetchpriority=\"high\" decoding=\"async\" width=\"1024\" height=\"450\" src=\"https:\/\/portaltactica.com\/wp-content\/uploads\/2023\/03\/IMG-20230315-WA0058-1024x450.jpg\" alt=\"\" class=\"wp-image-68956\"\/><\/figure>\n\n\n\n<figure class=\"wp-block-image\"><img decoding=\"async\" width=\"1024\" height=\"669\" src=\"https:\/\/portaltactica.com\/wp-content\/uploads\/2023\/03\/IMG-20230315-WA0057-1024x669.jpg\" alt=\"\" class=\"wp-image-68957\"\/><\/figure>\n<div class='share-to-whatsapp-wrapper'><div class='share-on-whsp'>Share on: <\/div><a data-text='Disertan conferencia El Genocidio Armenio y firman convenio' data-link='https:\/\/portaltactica.com\/?p=68959' class='whatsapp-button whatsapp-share'>WhatsApp<\/a><div class='clear '><\/div><\/div>","protected":false},"excerpt":{"rendered":"<p>La Universidad Aut\u00f3noma de Sinaloa a trav\u00e9s de la Facultad de Derecho Mazatl\u00e1n y la Embajada de Armenia en M\u00e9xico presentaron&hellip;<\/p>\n","protected":false},"author":1,"featured_media":68958,"comment_status":"","ping_status":"","sticky":false,"template":"","format":"standard","meta":{"advanced_seo_description":"","jetpack_seo_html_title":"","jetpack_seo_noindex":false,"_jetpack_memberships_contains_paid_content":false,"footnotes":"","jetpack_publicize_message":"","jetpack_publicize_feature_enabled":true,"jetpack_social_post_already_shared":true,"jetpack_social_options":{"image_generator_settings":{"template":"highway","default_image_id":0,"font":"","enabled":false},"version":2}},"categories":[949],"tags":[558],"class_list":["post-68959","post","type-post","status-publish","format-standard","has-post-thumbnail","hentry","category-destacado-mi-sinaloa","tag-uas"],"jetpack_publicize_connections":[],"jetpack_featured_media_url":"https:\/\/portaltactica.com\/wp-content\/uploads\/2023\/03\/IMG-20230315-WA0056.jpg","jetpack_sharing_enabled":true,"_links":{"self":[{"href":"https:\/\/portaltactica.com\/index.php?rest_route=\/wp\/v2\/posts\/68959","targetHints":{"allow":["GET"]}}],"collection":[{"href":"https:\/\/portaltactica.com\/index.php?rest_route=\/wp\/v2\/posts"}],"about":[{"href":"https:\/\/portaltactica.com\/index.php?rest_route=\/wp\/v2\/types\/post"}],"author":[{"embeddable":true,"href":"https:\/\/portaltactica.com\/index.php?rest_route=\/wp\/v2\/users\/1"}],"replies":[{"embeddable":true,"href":"https:\/\/portaltactica.com\/index.php?rest_route=%2Fwp%2Fv2%2Fcomments&post=68959"}],"version-history":[{"count":0,"href":"https:\/\/portaltactica.com\/index.php?rest_route=\/wp\/v2\/posts\/68959\/revisions"}],"wp:featuredmedia":[{"embeddable":true,"href":"https:\/\/portaltactica.com\/index.php?rest_route=\/wp\/v2\/media\/68958"}],"wp:attachment":[{"href":"https:\/\/portaltactica.com\/index.php?rest_route=%2Fwp%2Fv2%2Fmedia&parent=68959"}],"wp:term":[{"taxonomy":"category","embeddable":true,"href":"https:\/\/portaltactica.com\/index.php?rest_route=%2Fwp%2Fv2%2Fcategories&post=68959"},{"taxonomy":"post_tag","embeddable":true,"href":"https:\/\/portaltactica.com\/index.php?rest_route=%2Fwp%2Fv2%2Ftags&post=68959"}],"curies":[{"name":"wp","href":"https:\/\/api.w.org\/{rel}","templated":true}]}}