{"id":68833,"date":"2023-03-13T15:11:05","date_gmt":"2023-03-13T22:11:05","guid":{"rendered":"https:\/\/portaltactica.com\/?p=68833"},"modified":"2023-03-13T15:11:05","modified_gmt":"2023-03-13T22:11:05","slug":"se-fortalece-la-ruta-hacia-la-reforma-academica-y-administrativa-de-la-uas","status":"publish","type":"post","link":"https:\/\/portaltactica.com\/?p=68833","title":{"rendered":"Se fortalece la ruta hacia la Reforma Acad\u00e9mica y Administrativa de la UAS"},"content":{"rendered":"\n<p>Con la presencia de un importante n\u00famero de empresarios y representantes de diversos sectores productivos la Universidad Aut\u00f3noma de Sinaloa (UAS) puso en marcha el Foro Universitario de Reforma Acad\u00e9mica y Administrativa en la Unidad Regional Sur (URS), bajo la premisa de que es una reforma verdadera para mejorar y transformar el quehacer de la instituci\u00f3n.<br> <br>Desde el Teatro Universitario, el Rector, doctor Jes\u00fas Madue\u00f1a Molina, en su discurso inaugural agradeci\u00f3 a los universitarios, padres de familia y especialmente a los empresarios, hoteleros, profesionistas, regidores, representantes de hospitales, empleadores, entre otros, su presencia y participaci\u00f3n en este ejercicio que busca implementar el Nuevo Modelo Educativo UAS 2022 con enfoque humanista.<br> <br>\u201cPorque son los empleadores los que reciben a nuestros egresados y queremos que los empleadores nos digan c\u00f3mo llegan los j\u00f3venes a las empresas y tambi\u00e9n hagan propuestas para resolver esos faltantes que tienen nuestros egresados para que puedan tener la capacitaci\u00f3n que se requiere para insertarse en los mercados laborales, por eso es importante la participaci\u00f3n de empresarios, de sectores, de colegios de profesionistas, de padres de familia\u201d, expres\u00f3 el Rector.<br> <br>Explic\u00f3 que en los foros regionales van a fluir las ideas generales, despu\u00e9s se convocar\u00e1 a foros por unidad acad\u00e9mica donde en verdad se involucren todos los que tengan que ver con planes y programas de estudio y posteriormente vendr\u00e1 la capacitaci\u00f3n de los profesores para implementar el Nuevo Modelo Educativo.<br> <br>\u201cEsta es una reforma profunda, nos estamos abriendo a la sociedad para que la sociedad nos critique, para que la sociedad nos ayude a construir el egresado que queremos para hacerle bien a Sinaloa (\u2026) esta es una reforma verdadera, que va a transformar a la Universidad Aut\u00f3noma de Sinaloa, para que en agosto tengamos una nueva universidad que empiece a caminar ahora s\u00ed con la participaci\u00f3n de los empresarios\u201d, enfatiz\u00f3.<br> <br>Madue\u00f1a Molina llam\u00f3 a toda la comunidad universitaria a cerrar filas y estar unidos en torno a este proyecto ante amenazas del exterior que se ciernen sobre la instituci\u00f3n y convoc\u00f3 el respaldo y el apoyo de los empresarios, sociedad civil y padres de familia como partes importantes de la Universidad.<br> <br>El Vicerrector de la URS, maestro Manuel Iv\u00e1n Tostado Ram\u00edrez, al dar la bienvenida al evento detall\u00f3 que se recibieron 390 ponencias que ser\u00e1n analizadas en las mesas de trabajo durante los tres d\u00edas que se desarrollar\u00e1 el Foro, el cual inici\u00f3 con la Conferencia Magistral \u201cModelo Educativo como motor para la Innovaci\u00f3n de la formaci\u00f3n en la UAS\u201d por la maestra Mar\u00eda Elena A. Barrera Bustillos, especialista en la administraci\u00f3n de instituciones de educaci\u00f3n superior y en evaluaci\u00f3n institucional y asesora en la formulaci\u00f3n del Nuevo Modelo Educativo de la UAS.<\/p>\n\n\n\n<figure class=\"wp-block-image size-large\"><img fetchpriority=\"high\" decoding=\"async\" width=\"1024\" height=\"682\" src=\"https:\/\/portaltactica.com\/wp-content\/uploads\/2023\/03\/IMG-20230313-WA0025.jpg\" alt=\"\" class=\"wp-image-68831\" srcset=\"https:\/\/portaltactica.com\/wp-content\/uploads\/2023\/03\/IMG-20230313-WA0025.jpg 1024w, https:\/\/portaltactica.com\/wp-content\/uploads\/2023\/03\/IMG-20230313-WA0025-768x512.jpg 768w, https:\/\/portaltactica.com\/wp-content\/uploads\/2023\/03\/IMG-20230313-WA0025-585x390.jpg 585w, https:\/\/portaltactica.com\/wp-content\/uploads\/2023\/03\/IMG-20230313-WA0025-263x175.jpg 263w, https:\/\/portaltactica.com\/wp-content\/uploads\/2023\/03\/IMG-20230313-WA0025-272x182.jpg 272w\" sizes=\"(max-width: 1024px) 100vw, 1024px\" \/><\/figure>\n<div class='share-to-whatsapp-wrapper'><div class='share-on-whsp'>Share on: <\/div><a data-text='Se fortalece la ruta hacia la Reforma Acad\u00e9mica y Administrativa de la UAS' data-link='https:\/\/portaltactica.com\/?p=68833' class='whatsapp-button whatsapp-share'>WhatsApp<\/a><div class='clear '><\/div><\/div>","protected":false},"excerpt":{"rendered":"<p>Con la presencia de un importante n\u00famero de empresarios y representantes de diversos sectores productivos la Universidad Aut\u00f3noma de Sinaloa (UAS)&hellip;<\/p>\n","protected":false},"author":1,"featured_media":68832,"comment_status":"","ping_status":"","sticky":false,"template":"","format":"standard","meta":{"advanced_seo_description":"","jetpack_seo_html_title":"","jetpack_seo_noindex":false,"_jetpack_memberships_contains_paid_content":false,"footnotes":"","jetpack_publicize_message":"","jetpack_publicize_feature_enabled":true,"jetpack_social_post_already_shared":true,"jetpack_social_options":{"image_generator_settings":{"template":"highway","default_image_id":0,"font":"","enabled":false},"version":2}},"categories":[949],"tags":[558],"class_list":["post-68833","post","type-post","status-publish","format-standard","has-post-thumbnail","hentry","category-destacado-mi-sinaloa","tag-uas"],"jetpack_publicize_connections":[],"jetpack_featured_media_url":"https:\/\/portaltactica.com\/wp-content\/uploads\/2023\/03\/IMG-20230313-WA0023.jpg","jetpack_sharing_enabled":true,"_links":{"self":[{"href":"https:\/\/portaltactica.com\/index.php?rest_route=\/wp\/v2\/posts\/68833","targetHints":{"allow":["GET"]}}],"collection":[{"href":"https:\/\/portaltactica.com\/index.php?rest_route=\/wp\/v2\/posts"}],"about":[{"href":"https:\/\/portaltactica.com\/index.php?rest_route=\/wp\/v2\/types\/post"}],"author":[{"embeddable":true,"href":"https:\/\/portaltactica.com\/index.php?rest_route=\/wp\/v2\/users\/1"}],"replies":[{"embeddable":true,"href":"https:\/\/portaltactica.com\/index.php?rest_route=%2Fwp%2Fv2%2Fcomments&post=68833"}],"version-history":[{"count":0,"href":"https:\/\/portaltactica.com\/index.php?rest_route=\/wp\/v2\/posts\/68833\/revisions"}],"wp:featuredmedia":[{"embeddable":true,"href":"https:\/\/portaltactica.com\/index.php?rest_route=\/wp\/v2\/media\/68832"}],"wp:attachment":[{"href":"https:\/\/portaltactica.com\/index.php?rest_route=%2Fwp%2Fv2%2Fmedia&parent=68833"}],"wp:term":[{"taxonomy":"category","embeddable":true,"href":"https:\/\/portaltactica.com\/index.php?rest_route=%2Fwp%2Fv2%2Fcategories&post=68833"},{"taxonomy":"post_tag","embeddable":true,"href":"https:\/\/portaltactica.com\/index.php?rest_route=%2Fwp%2Fv2%2Ftags&post=68833"}],"curies":[{"name":"wp","href":"https:\/\/api.w.org\/{rel}","templated":true}]}}