{"id":66394,"date":"2023-01-26T13:05:04","date_gmt":"2023-01-26T20:05:04","guid":{"rendered":"https:\/\/portaltactica.com\/?p=66394"},"modified":"2023-01-26T13:05:07","modified_gmt":"2023-01-26T20:05:07","slug":"rafael-nadal-estara-fuera-de-actividad-hasta-marzo","status":"publish","type":"post","link":"https:\/\/portaltactica.com\/?p=66394","title":{"rendered":"Rafael Nadal estar\u00e1 fuera de actividad hasta marzo"},"content":{"rendered":"\n<p>El tenista manacor\u00ed\u00a0<strong>Rafa Nadal<\/strong>\u00a0ha pasado este jueves una nueva revisi\u00f3n en la Cl\u00ednica Tenis Tecknon de Barcelona por la lesi\u00f3n en el Psoas Iliaco de su pierna izquierda que se produjo durante su partido de segunda ronda del Open de Australia. Tras las pruebas &#8220;se confirman los resultados de Melbourne y los plazos siguen siendo los mismos desde la lesi\u00f3n, entre 6 y 8 semanas&#8221;<\/p>\n\n\n\n<p>Rafa Nadal se lesion\u00f3 en su partido contra el estadounidense Mackenzie McDonald. Muy mermado desde que sintiera una punzada en la cadera de la pierna izquierda, en el s\u00e9ptimo juego del segundo set, decidi\u00f3 sin embargo no retirarse y acab\u00f3 perdiendo por 6-4, 6-4 y 7-5. &#8220;Siendo el campe\u00f3n no quer\u00eda retirarme&#8221;, se\u00f1al\u00f3 Rafa.<\/p>\n\n\n\n<p>Antes de abandonar Melbourne, el 19 de enero, el balear se hizo una resonancia acompa\u00f1ado por su m\u00e9dico de confianza \u00c1ngel Ruiz Cotorro y la prueba mostr\u00f3 que sufr\u00eda una lesi\u00f3n de segundo grado en el psoas il\u00edaco de su pierna izquierda, &#8220;por lo que estar\u00e1 de baja entre seis y ocho semanas&#8221;, seg\u00fan un comunicado de prensa emitido por su equipo. &#8220;En los pr\u00f3ximos d\u00edas estar\u00e1 en reposo deportivo y realizar\u00e1 fisioterapia anti inflamatoria&#8221;.<\/p>\n\n\n\n<p>Una semana despu\u00e9s Rafa Nadal se ha sometido a nuevas pruebas ya en Barcelona que confirman que se mantienen los plazos previstos.<\/p>\n\n\n\n<p>&#8220;Rafa hoy ha estado en la Cl\u00ednica Tenis Tecknon de Barcelona d\u00f3nde le han realizado unas pruebas para ver la evoluci\u00f3n de la lesi\u00f3n. Se confirman los resultados iguales que en Melbourne y los plazos siguen siendo los mismos, desde la lesi\u00f3n, entre 6 y 8 semanas. Se han establecido los tratamientos a seguir y en 3 semanas realizar\u00e1n nuevas pruebas para ver la evoluci\u00f3n&#8221;, dec\u00edan en el comunicado de este jueves.<\/p>\n\n\n\n<p>Eso significa que se mantiene que Nadal se perder\u00e1 sus pr\u00f3ximas citas en el calendario ten\u00edstico de Doha y Dubai, las \u00faltimas semanas de febrero. En tres semanas, tras la nueva visita a la Teknon, comprobar\u00e1n como va la evoluci\u00f3n de la lesi\u00f3n y si su reaparici\u00f3n podr\u00eda ser a principios de marzo en el Masters 1000 de Indian Wells.<\/p>\n\n\n\n<p>.<\/p>\n<div class='share-to-whatsapp-wrapper'><div class='share-on-whsp'>Share on: <\/div><a data-text='Rafael Nadal estar\u00e1 fuera de actividad hasta marzo' data-link='https:\/\/portaltactica.com\/?p=66394' class='whatsapp-button whatsapp-share'>WhatsApp<\/a><div class='clear '><\/div><\/div>","protected":false},"excerpt":{"rendered":"<p>El tenista manacor\u00ed\u00a0Rafa Nadal\u00a0ha pasado este jueves una nueva revisi\u00f3n en la Cl\u00ednica Tenis Tecknon de Barcelona por la lesi\u00f3n en&hellip;<\/p>\n","protected":false},"author":2,"featured_media":66395,"comment_status":"closed","ping_status":"closed","sticky":false,"template":"","format":"standard","meta":{"advanced_seo_description":"","jetpack_seo_html_title":"","jetpack_seo_noindex":false,"_jetpack_memberships_contains_paid_content":false,"footnotes":"","jetpack_publicize_message":"","jetpack_publicize_feature_enabled":true,"jetpack_social_post_already_shared":true,"jetpack_social_options":{"image_generator_settings":{"template":"highway","default_image_id":0,"font":"","enabled":false},"version":2}},"categories":[1896],"tags":[78],"class_list":["post-66394","post","type-post","status-publish","format-standard","has-post-thumbnail","hentry","category-destacado-portada","tag-rafael-nadal"],"jetpack_publicize_connections":[],"jetpack_featured_media_url":"https:\/\/portaltactica.com\/wp-content\/uploads\/2023\/01\/10-7.jpg","jetpack_sharing_enabled":true,"_links":{"self":[{"href":"https:\/\/portaltactica.com\/index.php?rest_route=\/wp\/v2\/posts\/66394","targetHints":{"allow":["GET"]}}],"collection":[{"href":"https:\/\/portaltactica.com\/index.php?rest_route=\/wp\/v2\/posts"}],"about":[{"href":"https:\/\/portaltactica.com\/index.php?rest_route=\/wp\/v2\/types\/post"}],"author":[{"embeddable":true,"href":"https:\/\/portaltactica.com\/index.php?rest_route=\/wp\/v2\/users\/2"}],"replies":[{"embeddable":true,"href":"https:\/\/portaltactica.com\/index.php?rest_route=%2Fwp%2Fv2%2Fcomments&post=66394"}],"version-history":[{"count":1,"href":"https:\/\/portaltactica.com\/index.php?rest_route=\/wp\/v2\/posts\/66394\/revisions"}],"predecessor-version":[{"id":66396,"href":"https:\/\/portaltactica.com\/index.php?rest_route=\/wp\/v2\/posts\/66394\/revisions\/66396"}],"wp:featuredmedia":[{"embeddable":true,"href":"https:\/\/portaltactica.com\/index.php?rest_route=\/wp\/v2\/media\/66395"}],"wp:attachment":[{"href":"https:\/\/portaltactica.com\/index.php?rest_route=%2Fwp%2Fv2%2Fmedia&parent=66394"}],"wp:term":[{"taxonomy":"category","embeddable":true,"href":"https:\/\/portaltactica.com\/index.php?rest_route=%2Fwp%2Fv2%2Fcategories&post=66394"},{"taxonomy":"post_tag","embeddable":true,"href":"https:\/\/portaltactica.com\/index.php?rest_route=%2Fwp%2Fv2%2Ftags&post=66394"}],"curies":[{"name":"wp","href":"https:\/\/api.w.org\/{rel}","templated":true}]}}