{"id":66378,"date":"2023-01-26T09:48:45","date_gmt":"2023-01-26T16:48:45","guid":{"rendered":"https:\/\/portaltactica.com\/?p=66378"},"modified":"2023-01-26T09:48:48","modified_gmt":"2023-01-26T16:48:48","slug":"vinicius-jr-laliga-condena-el-repugnante-comportamiento-hacia-el-extremo-del-madrid","status":"publish","type":"post","link":"https:\/\/portaltactica.com\/?p=66378","title":{"rendered":"Vinicius Jr: LaLiga condena el &#8220;repugnante&#8221; comportamiento hacia el extremo del Madrid"},"content":{"rendered":"\n<p>LaLiga condena &#8220;en\u00e9rgicamente los actos de odio e intimidaci\u00f3n contra Vinicius Jr&#8221; despu\u00e9s de que una efigie del extremo del Real Madrid fuera colgada de un puente cerca del campo de entrenamiento del club.<\/p>\n\n\n\n<p>Una pancarta en la que se le\u00eda &#8220;Madrid odia al Real&#8221; estaba pegada a la barandilla del puente.<\/p>\n\n\n\n<p>El Atl\u00e9tico de Madrid y el Real Madrid se enfrentar\u00e1n el jueves en la Copa del Rey y el Atl\u00e9tico calific\u00f3 el incidente de &#8220;repugnante&#8221;.<\/p>\n\n\n\n<p>El internacional brasile\u00f1o Vinicius Jr, de 22 a\u00f1os, dijo el mes pasado que la liga espa\u00f1ola ten\u00eda que actuar contra los racistas que asisten a los partidos.<\/p>\n\n\n\n<p>Antes del derbi madrile\u00f1o de septiembre, una minor\u00eda de aficionados del Atl\u00e9tico enton\u00f3 c\u00e1nticos racistas dirigidos al jugador al entrar en su estadio, el Wanda Metropolitano, antes de la victoria del Real por 2-1, lo que el club conden\u00f3 por &#8220;inaceptable&#8221;.<\/p>\n\n\n\n<p>Sin embargo, la fiscal\u00eda espa\u00f1ola archiv\u00f3 tres meses despu\u00e9s la investigaci\u00f3n sobre los c\u00e1nticos, alegando que era imposible identificar a los responsables.<\/p>\n\n\n\n<p>A principios de este mes, la liga espa\u00f1ola dijo que hab\u00eda presentado cargos relacionados con los insultos racistas al brasile\u00f1o ante los &#8220;\u00f3rganos judiciales, administrativos y deportivos pertinentes&#8221;.<\/p>\n\n\n\n<p>La Liga, por su parte, asegur\u00f3 el jueves que &#8220;exigir\u00e1 una investigaci\u00f3n por parte de los cuerpos y fuerzas de seguridad del Estado competentes&#8221; sobre la efigie y la pancarta, y que &#8220;pedir\u00e1 condenas para los responsables y las penas m\u00e1s severas&#8221;.<\/p>\n\n\n\n<p>El Atl\u00e9tico subray\u00f3 que aunque la rivalidad entre ambos clubes es &#8220;m\u00e1xima\u2026 tambi\u00e9n lo es el respeto&#8221;.<\/p>\n\n\n\n<p>Y a\u00f1adi\u00f3: &#8220;Ning\u00fan individuo, sean cuales sean sus intenciones o colores, puede empa\u00f1ar la convivencia entre diferentes aficiones. Es responsabilidad de todos evitarlo&#8221;.<\/p>\n\n\n\n<p>&#8220;Este tipo de actos son absolutamente repugnantes e inadmisibles y averg\u00fcenzan a la sociedad. Nuestra condena a cualquier acto que atente contra la dignidad de las personas o de las instituciones es rotunda y sin reservas.<\/p>\n\n\n\n<p>&#8220;Desconocemos al autor o autores de este despreciable acto, pero su anonimato no elude su responsabilidad.<\/p>\n\n\n\n<p>&#8220;Esperamos que las autoridades logren esclarecer lo sucedido y que la justicia contribuya a desterrar este tipo de conductas&#8221;.<\/p>\n\n\n\n<p>El partido de cuartos de final de la Copa del Rey se disputa en el Bernab\u00e9u a las 20:00 GMT.<\/p>\n<div class='share-to-whatsapp-wrapper'><div class='share-on-whsp'>Share on: <\/div><a data-text='Vinicius Jr: LaLiga condena el \"repugnante\" comportamiento hacia el extremo del Madrid' data-link='https:\/\/portaltactica.com\/?p=66378' class='whatsapp-button whatsapp-share'>WhatsApp<\/a><div class='clear '><\/div><\/div>","protected":false},"excerpt":{"rendered":"<p>LaLiga condena &#8220;en\u00e9rgicamente los actos de odio e intimidaci\u00f3n contra Vinicius Jr&#8221; despu\u00e9s de que una efigie del extremo del Real&hellip;<\/p>\n","protected":false},"author":2,"featured_media":66379,"comment_status":"closed","ping_status":"closed","sticky":false,"template":"","format":"standard","meta":{"advanced_seo_description":"","jetpack_seo_html_title":"","jetpack_seo_noindex":false,"_jetpack_memberships_contains_paid_content":false,"footnotes":"","jetpack_publicize_message":"","jetpack_publicize_feature_enabled":true,"jetpack_social_post_already_shared":true,"jetpack_social_options":{"image_generator_settings":{"template":"highway","default_image_id":0,"font":"","enabled":false},"version":2}},"categories":[6],"tags":[3365,32,4353],"class_list":["post-66378","post","type-post","status-publish","format-standard","has-post-thumbnail","hentry","category-internacional","tag-laliga","tag-real-madrid","tag-vinicius-jr"],"jetpack_publicize_connections":[],"jetpack_featured_media_url":"https:\/\/portaltactica.com\/wp-content\/uploads\/2023\/01\/5-7.jpg","jetpack_sharing_enabled":true,"_links":{"self":[{"href":"https:\/\/portaltactica.com\/index.php?rest_route=\/wp\/v2\/posts\/66378","targetHints":{"allow":["GET"]}}],"collection":[{"href":"https:\/\/portaltactica.com\/index.php?rest_route=\/wp\/v2\/posts"}],"about":[{"href":"https:\/\/portaltactica.com\/index.php?rest_route=\/wp\/v2\/types\/post"}],"author":[{"embeddable":true,"href":"https:\/\/portaltactica.com\/index.php?rest_route=\/wp\/v2\/users\/2"}],"replies":[{"embeddable":true,"href":"https:\/\/portaltactica.com\/index.php?rest_route=%2Fwp%2Fv2%2Fcomments&post=66378"}],"version-history":[{"count":1,"href":"https:\/\/portaltactica.com\/index.php?rest_route=\/wp\/v2\/posts\/66378\/revisions"}],"predecessor-version":[{"id":66380,"href":"https:\/\/portaltactica.com\/index.php?rest_route=\/wp\/v2\/posts\/66378\/revisions\/66380"}],"wp:featuredmedia":[{"embeddable":true,"href":"https:\/\/portaltactica.com\/index.php?rest_route=\/wp\/v2\/media\/66379"}],"wp:attachment":[{"href":"https:\/\/portaltactica.com\/index.php?rest_route=%2Fwp%2Fv2%2Fmedia&parent=66378"}],"wp:term":[{"taxonomy":"category","embeddable":true,"href":"https:\/\/portaltactica.com\/index.php?rest_route=%2Fwp%2Fv2%2Fcategories&post=66378"},{"taxonomy":"post_tag","embeddable":true,"href":"https:\/\/portaltactica.com\/index.php?rest_route=%2Fwp%2Fv2%2Ftags&post=66378"}],"curies":[{"name":"wp","href":"https:\/\/api.w.org\/{rel}","templated":true}]}}