{"id":66375,"date":"2023-01-26T09:37:01","date_gmt":"2023-01-26T16:37:01","guid":{"rendered":"https:\/\/portaltactica.com\/?p=66375"},"modified":"2023-01-26T09:37:03","modified_gmt":"2023-01-26T16:37:03","slug":"conor-mcgregor-anuncia-nuevo-rol-como-entrenador-mientras-prepara-su-regreso-a-la-ufc","status":"publish","type":"post","link":"https:\/\/portaltactica.com\/?p=66375","title":{"rendered":"Conor McGregor anuncia nuevo rol como entrenador mientras prepara su regreso a la UFC"},"content":{"rendered":"\n<p class=\"has-text-align-center has-medium-font-size\"><strong><em>Conor McGregor podr\u00eda volver a entrenar antes de volver a competir.<\/em><\/strong><\/p>\n\n\n\n<p>Conor McGregor asegura que le han ofrecido ser entrenador en una nueva temporada de The Ultimate Fighter. El irland\u00e9s compiti\u00f3 junto a Urijah Faber en 2015 y podr\u00eda volver a ser entrenador en un futuro no muy lejano.<\/p>\n\n\n\n<p>Compartiendo una foto de s\u00ed mismo en la casa TUF durante su estancia original en el programa, McGregor escribi\u00f3: &#8220;Esta es una instant\u00e1nea de la casa original de Ultimate Fighter. Donde entren\u00e9 contra Urijah Faber.<\/p>\n\n\n\n<p>&#8220;Esta foto fue justo antes del show tho. Fue justo antes de ganar mi primer t\u00edtulo mundial derrotando a Chad Mendes, compa\u00f1ero de Urijah. Justo despu\u00e9s del combate, me puse a entrenar en el famoso programa de lucha.<\/p>\n\n\n\n<p>&#8220;Con un gran ojo morado y un corte, mi tricolor y mi nuevo y primer cintur\u00f3n de oro de la UFC, entr\u00e9 en el famoso gimnasio de lucha de Las Vegas. Los trajes m\u00e1s elegantes y los gritos que el espect\u00e1culo hab\u00eda visto nunca. Encima de los cubiertos de plata. Y entren\u00e9 a mi equipo a la victoria. Una locura. Vaya viaje.<\/p>\n\n\n\n<p>&#8220;Me acaban de ofrecer volver a ser entrenador. Me gusta. Es la inmersi\u00f3n total que se necesita. Veo a los luchadores haciendo cola. S\u00e9 lo que me espera, estoy preparado. #StayReady&#8221;.<\/p>\n\n\n\n<p>Aunque todav\u00eda no se ha hecho nada oficial, el post de McGregor fue compartido nada menos que por el presidente de la UFC, Dana White. La categor\u00eda de peso, la temporada y su compa\u00f1ero de entrenamiento a\u00fan no se han revelado.<\/p>\n<div class='share-to-whatsapp-wrapper'><div class='share-on-whsp'>Share on: <\/div><a data-text='Conor McGregor anuncia nuevo rol como entrenador mientras prepara su regreso a la UFC' data-link='https:\/\/portaltactica.com\/?p=66375' class='whatsapp-button whatsapp-share'>WhatsApp<\/a><div class='clear '><\/div><\/div>","protected":false},"excerpt":{"rendered":"<p>Conor McGregor podr\u00eda volver a entrenar antes de volver a competir. Conor McGregor asegura que le han ofrecido ser entrenador en&hellip;<\/p>\n","protected":false},"author":2,"featured_media":66376,"comment_status":"closed","ping_status":"closed","sticky":false,"template":"","format":"standard","meta":{"advanced_seo_description":"","jetpack_seo_html_title":"","jetpack_seo_noindex":false,"_jetpack_memberships_contains_paid_content":false,"footnotes":"","jetpack_publicize_message":"","jetpack_publicize_feature_enabled":true,"jetpack_social_post_already_shared":true,"jetpack_social_options":{"image_generator_settings":{"template":"highway","default_image_id":0,"font":"","enabled":false},"version":2}},"categories":[1898],"tags":[199,5521,5520,198],"class_list":["post-66375","post","type-post","status-publish","format-standard","has-post-thumbnail","hentry","category-destacado-internacional","tag-conor-mcgregor","tag-the-ultimate-fighter","tag-tuf","tag-ufc"],"jetpack_publicize_connections":[],"jetpack_featured_media_url":"https:\/\/portaltactica.com\/wp-content\/uploads\/2023\/01\/4-8.jpg","jetpack_sharing_enabled":true,"_links":{"self":[{"href":"https:\/\/portaltactica.com\/index.php?rest_route=\/wp\/v2\/posts\/66375","targetHints":{"allow":["GET"]}}],"collection":[{"href":"https:\/\/portaltactica.com\/index.php?rest_route=\/wp\/v2\/posts"}],"about":[{"href":"https:\/\/portaltactica.com\/index.php?rest_route=\/wp\/v2\/types\/post"}],"author":[{"embeddable":true,"href":"https:\/\/portaltactica.com\/index.php?rest_route=\/wp\/v2\/users\/2"}],"replies":[{"embeddable":true,"href":"https:\/\/portaltactica.com\/index.php?rest_route=%2Fwp%2Fv2%2Fcomments&post=66375"}],"version-history":[{"count":1,"href":"https:\/\/portaltactica.com\/index.php?rest_route=\/wp\/v2\/posts\/66375\/revisions"}],"predecessor-version":[{"id":66377,"href":"https:\/\/portaltactica.com\/index.php?rest_route=\/wp\/v2\/posts\/66375\/revisions\/66377"}],"wp:featuredmedia":[{"embeddable":true,"href":"https:\/\/portaltactica.com\/index.php?rest_route=\/wp\/v2\/media\/66376"}],"wp:attachment":[{"href":"https:\/\/portaltactica.com\/index.php?rest_route=%2Fwp%2Fv2%2Fmedia&parent=66375"}],"wp:term":[{"taxonomy":"category","embeddable":true,"href":"https:\/\/portaltactica.com\/index.php?rest_route=%2Fwp%2Fv2%2Fcategories&post=66375"},{"taxonomy":"post_tag","embeddable":true,"href":"https:\/\/portaltactica.com\/index.php?rest_route=%2Fwp%2Fv2%2Ftags&post=66375"}],"curies":[{"name":"wp","href":"https:\/\/api.w.org\/{rel}","templated":true}]}}