{"id":66230,"date":"2023-01-20T23:16:00","date_gmt":"2023-01-21T06:16:00","guid":{"rendered":"https:\/\/portaltactica.com\/?p=66230"},"modified":"2023-01-24T11:18:00","modified_gmt":"2023-01-24T18:18:00","slug":"presentara-facultad-de-historia-un-amplio-programa-de-actividades-por-el-150-aniversario-de-la-universidad","status":"publish","type":"post","link":"https:\/\/portaltactica.com\/?p=66230","title":{"rendered":"Presentar\u00e1 Facultad de Historia un amplio programa de actividades por el 150 aniversario de la Universidad"},"content":{"rendered":"\n<p>Como parte de la celebraci\u00f3n del 150 aniversario de la Universidad Aut\u00f3noma de Sinaloa (UAS) en el mes de mayo, la Facultad de Historia inici\u00f3 un programa de actividades en el que estar\u00e1 participando en el aspecto acad\u00e9mico, inform\u00f3 Mar\u00eda de los \u00c1ngeles Sitlalit Garc\u00eda Murillo.<br>La directora de la unidad acad\u00e9mica, agradeci\u00f3 a Homar Medina Barreda, coordinador general de Extensi\u00f3n de la Cultura, la invitaci\u00f3n para participar en esta celebraci\u00f3n, por lo que, adelant\u00f3 que se encuentran ya trabajando en una serie de actividades.<br>\u201cComo somos una instituci\u00f3n de historia, cumplimos 34 a\u00f1os, hay especialistas en el \u00e1rea de la universidad, de las autonom\u00edas, movimientos estudiantiles, casos del doctor Arturo S\u00e1nchez Parra, Rafael Santos Cenobio, del doctor Rigoberto Rodr\u00edguez, Dina Beltr\u00e1n, especialistas que conocieron y vivieron parte de los procesos de la UAS\u201d, coment\u00f3.<br>La Facultad de Historia estar\u00e1 participando con un programa de exposiciones gr\u00e1ficas, de documental y videos, segmento que estar\u00e1 a cargo de los investigadores universitarios quienes a trav\u00e9s de su trabajo llevar\u00e1n a la audiencia a un recorrido por la trayectoria e historia de la Casa Rosalina, hasta llegar al posicionamiento que tiene en la actualidad.<br>A\u00f1adi\u00f3 que esta planeaci\u00f3n contempla dos mesas redondas, la primera tiene que ver con el an\u00e1lisis de la evoluci\u00f3n que ha tenido la casa de estudios sinaloense en M\u00e9xico y Latinoam\u00e9rica; la segunda, donde siete especialistas abordar\u00e1n los 150 a\u00f1os de historia y tradici\u00f3n educativa de la UAS en Sinaloa; adem\u00e1s de una presentaci\u00f3n de libro a cargo de Arturo S\u00e1nchez Parra, titulado La instituci\u00f3n rosalina en tiempos de Reforma. Alcances y l\u00edmites de una Utop\u00eda: 1966-1970.<br>A este programa se unir\u00e1 la conferencia Reflexionar sobre la Universidad a 150 a\u00f1os de la fundaci\u00f3n de la UAS, historias y problemas actuales, programa que se desarrollar\u00e1 en espacios emblem\u00e1ticos de la Universidad, como la Casa de la Cultura, Edificio Central, Galer\u00eda de Arte Frida Kahlo, Biblioteca Central y Centro de Estudio de Idiomas; adelant\u00f3 que cada uno tendr\u00e1 una ficha de su historia.<br>Agreg\u00f3 que en la amplia Galer\u00eda de Exrectores con la que cuenta la UAS se estudiar\u00e1 los lemas de cada uno, con el objetivo de conocer, a trav\u00e9s de estos, las aportaciones que han hecho a esta centenaria casa educativa, sin dejar de lado el significado plasmado a trav\u00e9s de caricaturas de anta\u00f1o en periodos de agitaci\u00f3n universitaria.&nbsp;<br>Garc\u00eda Murillo para concluir manifest\u00f3 que este ser\u00e1 un programa bastante rico en historia, el cual cumplir\u00e1 con una petici\u00f3n del Rector, doctor Jes\u00fas Madue\u00f1a Molina, de compartir todos los aportes a lo largo de su historia en esta instituci\u00f3n.&nbsp;<\/p>\n<div class='share-to-whatsapp-wrapper'><div class='share-on-whsp'>Share on: <\/div><a data-text='Presentar\u00e1 Facultad de Historia un amplio programa de actividades por el 150 aniversario de la Universidad' data-link='https:\/\/portaltactica.com\/?p=66230' class='whatsapp-button whatsapp-share'>WhatsApp<\/a><div class='clear '><\/div><\/div>","protected":false},"excerpt":{"rendered":"<p>Como parte de la celebraci\u00f3n del 150 aniversario de la Universidad Aut\u00f3noma de Sinaloa (UAS) en el mes de mayo, la&hellip;<\/p>\n","protected":false},"author":1,"featured_media":66231,"comment_status":"closed","ping_status":"closed","sticky":false,"template":"","format":"standard","meta":{"advanced_seo_description":"","jetpack_seo_html_title":"","jetpack_seo_noindex":false,"_jetpack_memberships_contains_paid_content":false,"footnotes":"","jetpack_publicize_message":"","jetpack_publicize_feature_enabled":true,"jetpack_social_post_already_shared":true,"jetpack_social_options":{"image_generator_settings":{"template":"highway","default_image_id":0,"font":"","enabled":false},"version":2}},"categories":[947],"tags":[558],"class_list":["post-66230","post","type-post","status-publish","format-standard","has-post-thumbnail","hentry","category-universidad","tag-uas"],"jetpack_publicize_connections":[],"jetpack_featured_media_url":"https:\/\/portaltactica.com\/wp-content\/uploads\/2023\/01\/grande_009371001674253201.jpg","jetpack_sharing_enabled":true,"_links":{"self":[{"href":"https:\/\/portaltactica.com\/index.php?rest_route=\/wp\/v2\/posts\/66230","targetHints":{"allow":["GET"]}}],"collection":[{"href":"https:\/\/portaltactica.com\/index.php?rest_route=\/wp\/v2\/posts"}],"about":[{"href":"https:\/\/portaltactica.com\/index.php?rest_route=\/wp\/v2\/types\/post"}],"author":[{"embeddable":true,"href":"https:\/\/portaltactica.com\/index.php?rest_route=\/wp\/v2\/users\/1"}],"replies":[{"embeddable":true,"href":"https:\/\/portaltactica.com\/index.php?rest_route=%2Fwp%2Fv2%2Fcomments&post=66230"}],"version-history":[{"count":1,"href":"https:\/\/portaltactica.com\/index.php?rest_route=\/wp\/v2\/posts\/66230\/revisions"}],"predecessor-version":[{"id":66232,"href":"https:\/\/portaltactica.com\/index.php?rest_route=\/wp\/v2\/posts\/66230\/revisions\/66232"}],"wp:featuredmedia":[{"embeddable":true,"href":"https:\/\/portaltactica.com\/index.php?rest_route=\/wp\/v2\/media\/66231"}],"wp:attachment":[{"href":"https:\/\/portaltactica.com\/index.php?rest_route=%2Fwp%2Fv2%2Fmedia&parent=66230"}],"wp:term":[{"taxonomy":"category","embeddable":true,"href":"https:\/\/portaltactica.com\/index.php?rest_route=%2Fwp%2Fv2%2Fcategories&post=66230"},{"taxonomy":"post_tag","embeddable":true,"href":"https:\/\/portaltactica.com\/index.php?rest_route=%2Fwp%2Fv2%2Ftags&post=66230"}],"curies":[{"name":"wp","href":"https:\/\/api.w.org\/{rel}","templated":true}]}}