{"id":66224,"date":"2023-01-20T23:12:00","date_gmt":"2023-01-21T06:12:00","guid":{"rendered":"https:\/\/portaltactica.com\/?p=66224"},"modified":"2023-01-24T11:14:37","modified_gmt":"2023-01-24T18:14:37","slug":"egresa-la-primera-generacion-de-licenciados-en-educacion-artistica","status":"publish","type":"post","link":"https:\/\/portaltactica.com\/?p=66224","title":{"rendered":"Egresa la primera generaci\u00f3n de licenciados en Educaci\u00f3n Art\u00edstica"},"content":{"rendered":"\n<p>Con un emotivo evento, la Unidad Acad\u00e9mica de Artes de la Universidad Aut\u00f3noma de Sinaloa (UAS) llev\u00f3 a cabo el acto de graduaci\u00f3n de la primera generaci\u00f3n de la Licenciatura en Educaci\u00f3n Art\u00edstica, periodo 2018-2023, que reuni\u00f3 a familiares y amigos de 60 estudiantes que egresan de esta carrera.<br>Samuel Ib\u00e1\u00f1ez Morales, director del plantel, expres\u00f3 su emoci\u00f3n por presenciar la graduaci\u00f3n de esta primera generaci\u00f3n, por lo que agradeci\u00f3 el apoyo al rector, doctor Jes\u00fas Madue\u00f1a Molina, para hacer posible este evento que celebra el enorme esfuerzo de los estudiantes y sus familias, as\u00ed como docentes y directivos.<br>Por parte de los egresados, Jes\u00fas Fernando Ram\u00edrez Bernal, egresado, dijo sentirse orgulloso de culminar su licenciatura y agradeci\u00f3 a la Universidad por brindarle la posibilidad de estudiar, ya que con esta primera generaci\u00f3n de graduados queda demostrado que en la UAS el arte es una de las prioridades.<br>Por su parte, Yomaira Loya Bernal, agradeci\u00f3 a la M\u00e1xima Casa de Estudios sinaloense, por darle a ella y a sus compa\u00f1eros la oportunidad de lograr un sue\u00f1o de estudiar el arte y brindar un espacio para todas las personas que deseen prepararse en el aspecto art\u00edstico.<br>Pablo Osuna Avil\u00e9s, se\u00f1al\u00f3 que para \u00e9l es importante pertenecer a esta primera generaci\u00f3n, pues es un parteaguas para las dem\u00e1s personas interesadas en estudiar esta carrera y promover el arte en Sinaloa.<br>Alberto de Jes\u00fas Nieto Torres, manifest\u00f3 que esta licenciatura fue un gran reto para \u00e9l, pues era uno de sus sue\u00f1os el poder especializarte en las artes, y formar parte de la primera generaci\u00f3n es muy significativo y una experiencia inolvidable, que dejar\u00e1 un legado para las nuevas generaciones.&nbsp;<\/p>\n<div class='share-to-whatsapp-wrapper'><div class='share-on-whsp'>Share on: <\/div><a data-text='Egresa la primera generaci\u00f3n de licenciados en Educaci\u00f3n Art\u00edstica' data-link='https:\/\/portaltactica.com\/?p=66224' class='whatsapp-button whatsapp-share'>WhatsApp<\/a><div class='clear '><\/div><\/div>","protected":false},"excerpt":{"rendered":"<p>Con un emotivo evento, la Unidad Acad\u00e9mica de Artes de la Universidad Aut\u00f3noma de Sinaloa (UAS) llev\u00f3 a cabo el acto&hellip;<\/p>\n","protected":false},"author":1,"featured_media":66225,"comment_status":"closed","ping_status":"closed","sticky":false,"template":"","format":"standard","meta":{"advanced_seo_description":"","jetpack_seo_html_title":"","jetpack_seo_noindex":false,"_jetpack_memberships_contains_paid_content":false,"footnotes":"","jetpack_publicize_message":"","jetpack_publicize_feature_enabled":true,"jetpack_social_post_already_shared":true,"jetpack_social_options":{"image_generator_settings":{"template":"highway","default_image_id":0,"font":"","enabled":false},"version":2}},"categories":[947],"tags":[558],"class_list":["post-66224","post","type-post","status-publish","format-standard","has-post-thumbnail","hentry","category-universidad","tag-uas"],"jetpack_publicize_connections":[],"jetpack_featured_media_url":"https:\/\/portaltactica.com\/wp-content\/uploads\/2023\/01\/grande_460871001674254046.jpg","jetpack_sharing_enabled":true,"_links":{"self":[{"href":"https:\/\/portaltactica.com\/index.php?rest_route=\/wp\/v2\/posts\/66224","targetHints":{"allow":["GET"]}}],"collection":[{"href":"https:\/\/portaltactica.com\/index.php?rest_route=\/wp\/v2\/posts"}],"about":[{"href":"https:\/\/portaltactica.com\/index.php?rest_route=\/wp\/v2\/types\/post"}],"author":[{"embeddable":true,"href":"https:\/\/portaltactica.com\/index.php?rest_route=\/wp\/v2\/users\/1"}],"replies":[{"embeddable":true,"href":"https:\/\/portaltactica.com\/index.php?rest_route=%2Fwp%2Fv2%2Fcomments&post=66224"}],"version-history":[{"count":1,"href":"https:\/\/portaltactica.com\/index.php?rest_route=\/wp\/v2\/posts\/66224\/revisions"}],"predecessor-version":[{"id":66226,"href":"https:\/\/portaltactica.com\/index.php?rest_route=\/wp\/v2\/posts\/66224\/revisions\/66226"}],"wp:featuredmedia":[{"embeddable":true,"href":"https:\/\/portaltactica.com\/index.php?rest_route=\/wp\/v2\/media\/66225"}],"wp:attachment":[{"href":"https:\/\/portaltactica.com\/index.php?rest_route=%2Fwp%2Fv2%2Fmedia&parent=66224"}],"wp:term":[{"taxonomy":"category","embeddable":true,"href":"https:\/\/portaltactica.com\/index.php?rest_route=%2Fwp%2Fv2%2Fcategories&post=66224"},{"taxonomy":"post_tag","embeddable":true,"href":"https:\/\/portaltactica.com\/index.php?rest_route=%2Fwp%2Fv2%2Ftags&post=66224"}],"curies":[{"name":"wp","href":"https:\/\/api.w.org\/{rel}","templated":true}]}}