{"id":65949,"date":"2023-01-21T20:33:54","date_gmt":"2023-01-22T03:33:54","guid":{"rendered":"https:\/\/portaltactica.com\/?p=65949"},"modified":"2023-01-21T20:33:54","modified_gmt":"2023-01-22T03:33:54","slug":"cesar-ramos-recibe-reconocimiento-en-su-tierra","status":"publish","type":"post","link":"https:\/\/portaltactica.com\/?p=65949","title":{"rendered":"C\u00e9sar Ramos recibe reconocimiento en su tierra"},"content":{"rendered":"\n<p>El \u00e1rbitro Culiacanense es galardonado por su destacada participaci\u00f3n en el Mundial de Futbol en Qatar 2022.<\/p>\n\n\n\n<p>CULIAC\u00c1N, Sinaloa._ El Director General del Instituto Sinaloense de Cultura F\u00edsica y el Deporte, Julio C\u00e9sar Cascajares Ram\u00edrez, asisti\u00f3 en representaci\u00f3n del Gobernador del Estado, Rub\u00e9n Rocha Moya a la ceremonia de entrega de reconocimientos a C\u00e9sar Arturo Ramos Palazuelos, \u00e1rbitro Culiacanense que particip\u00f3 en la Copa del Mundo de la FIFA Qatar 2022.<\/p>\n\n\n\n<p><br>Cascajares Ram\u00edrez estuvo acompa\u00f1ado de Jos\u00e9 Ernesto Pe\u00f1uelas Castellanos, Secretario del Ayuntamiento; Rafael Borb\u00f3n Ramos, presidente del Consejo Sinaloense Ejemplares en el Mundo; Jos\u00e9 Alberto Beltr\u00e1n Figueroa, director del IMDEC; Carlos Lara Cebreros, presidente de la AFOESAC, y Geovanni Ochoa Corral, delegado de los \u00c1rbitros Profesionales de Sinaloa.<\/p>\n\n\n\n<p><br>Cascajares Ram\u00edrez, en su mensaje, felicit\u00f3 a Ramos Palazuelos, a quien consider\u00f3 que es un ejemplo para las nuevas generaciones del estado de Sinaloa.<\/p>\n\n\n\n<p><br>&#8220;De verdad C\u00e9sar (Ramos), as\u00ed te entreguemos mil reconocimientos, el reconocimiento que tu nos das a los sinaloenses en el mundo, es el verdadero Sinaloa que somos&#8221;, expres\u00f3 el titular del deporte sinaloense. &#8220;Nos has demostrado que somos m\u00e1s los buenos, eres un ejemplo para el Estado, todos los que estamos aqu\u00ed, estamos muy orgullosos&#8221;.<\/p>\n\n\n\n<p><br>&#8220;Que especial que tengas a tus padres, que vean los logros que tienes, hecho un hombre, porque fuera de ser un \u00e1rbitro, o lo que fu\u00e9ramos en la vida, ser una persona como t\u00fa, no tiene nombre, te felicito por tu sencilles, tu madurez como persona, sin duda alguna es un sue\u00f1o que est\u00e1s viviendo&#8221;, resalt\u00f3 Julio C\u00e9sar Cascajares.<\/p>\n\n\n\n<p><br>Jos\u00e9 Alberto Beltr\u00e1n Figueroa exhort\u00f3 las palabras de bienvenida, mientras que Pe\u00f1uelas Castallanos emiti\u00f3 un mensaje a nombre del Presidente Municipal, Juan de Dios G\u00e1mez Mend\u00edvil.<\/p>\n\n\n\n<p><br>C\u00e9sar Ramos Palazuelos agradeci\u00f3 los reconocimientos, as\u00ed como la presencia de sus padres, familiares y amigos.<\/p>\n\n\n\n<p><br>Los reconocimientos fueron del Ayuntamiento de Culiac\u00e1n, Grupo Chat Futbol Sinaloa, AFOESAC, la Liga de Verano de Futbol Mois\u00e9s &#8220;Chey&#8221; Corrales, la Delegaci\u00f3n de \u00c1rbitros del Estado de Sinaloa, la Agrupaci\u00f3n de Ex \u00c1rbitros Profesionales y la Agrupaci\u00f3n Estatal de \u00c1rbitros Amater de Sinaloa.<\/p>\n\n\n\n<figure class=\"wp-block-image size-large\"><img fetchpriority=\"high\" decoding=\"async\" width=\"1024\" height=\"683\" src=\"https:\/\/portaltactica.com\/wp-content\/uploads\/2023\/01\/IMG-20230121-WA0086.jpg\" alt=\"\" class=\"wp-image-65947\" srcset=\"https:\/\/portaltactica.com\/wp-content\/uploads\/2023\/01\/IMG-20230121-WA0086.jpg 1024w, https:\/\/portaltactica.com\/wp-content\/uploads\/2023\/01\/IMG-20230121-WA0086-768x512.jpg 768w, https:\/\/portaltactica.com\/wp-content\/uploads\/2023\/01\/IMG-20230121-WA0086-585x390.jpg 585w, https:\/\/portaltactica.com\/wp-content\/uploads\/2023\/01\/IMG-20230121-WA0086-263x175.jpg 263w, https:\/\/portaltactica.com\/wp-content\/uploads\/2023\/01\/IMG-20230121-WA0086-272x182.jpg 272w\" sizes=\"(max-width: 1024px) 100vw, 1024px\" \/><\/figure>\n\n\n\n<figure class=\"wp-block-image\"><img decoding=\"async\" width=\"300\" height=\"300\" src=\"https:\/\/portaltactica.com\/wp-content\/uploads\/2023\/01\/IMG-20230121-WA0085-300x300.jpg\" alt=\"\" class=\"wp-image-65946\" srcset=\"https:\/\/portaltactica.com\/wp-content\/uploads\/2023\/01\/IMG-20230121-WA0085-300x300.jpg 300w, https:\/\/portaltactica.com\/wp-content\/uploads\/2023\/01\/IMG-20230121-WA0085-585x585.jpg 585w\" sizes=\"(max-width: 300px) 100vw, 300px\" \/><\/figure>\n\n\n\n<figure class=\"wp-block-image\"><img decoding=\"async\" width=\"300\" height=\"300\" src=\"https:\/\/portaltactica.com\/wp-content\/uploads\/2023\/01\/IMG-20230121-WA0083-300x300.jpg\" alt=\"\" class=\"wp-image-65945\" srcset=\"https:\/\/portaltactica.com\/wp-content\/uploads\/2023\/01\/IMG-20230121-WA0083-300x300.jpg 300w, https:\/\/portaltactica.com\/wp-content\/uploads\/2023\/01\/IMG-20230121-WA0083-585x585.jpg 585w\" sizes=\"(max-width: 300px) 100vw, 300px\" \/><\/figure>\n<div class='share-to-whatsapp-wrapper'><div class='share-on-whsp'>Share on: <\/div><a data-text='C\u00e9sar Ramos recibe reconocimiento en su tierra' data-link='https:\/\/portaltactica.com\/?p=65949' class='whatsapp-button whatsapp-share'>WhatsApp<\/a><div class='clear '><\/div><\/div>","protected":false},"excerpt":{"rendered":"<p>El \u00e1rbitro Culiacanense es galardonado por su destacada participaci\u00f3n en el Mundial de Futbol en Qatar 2022. CULIAC\u00c1N, Sinaloa._ El Director&hellip;<\/p>\n","protected":false},"author":1,"featured_media":65948,"comment_status":"","ping_status":"","sticky":false,"template":"","format":"standard","meta":{"advanced_seo_description":"","jetpack_seo_html_title":"","jetpack_seo_noindex":false,"_jetpack_memberships_contains_paid_content":false,"footnotes":"","jetpack_publicize_message":"","jetpack_publicize_feature_enabled":true,"jetpack_social_post_already_shared":true,"jetpack_social_options":{"image_generator_settings":{"template":"highway","default_image_id":0,"font":"","enabled":false},"version":2}},"categories":[1897,1896],"tags":[252],"class_list":["post-65949","post","type-post","status-publish","format-standard","has-post-thumbnail","hentry","category-destacado-nacional","category-destacado-portada","tag-isde"],"jetpack_publicize_connections":[],"jetpack_featured_media_url":"https:\/\/portaltactica.com\/wp-content\/uploads\/2023\/01\/IMG-20230121-WA0084.jpg","jetpack_sharing_enabled":true,"_links":{"self":[{"href":"https:\/\/portaltactica.com\/index.php?rest_route=\/wp\/v2\/posts\/65949","targetHints":{"allow":["GET"]}}],"collection":[{"href":"https:\/\/portaltactica.com\/index.php?rest_route=\/wp\/v2\/posts"}],"about":[{"href":"https:\/\/portaltactica.com\/index.php?rest_route=\/wp\/v2\/types\/post"}],"author":[{"embeddable":true,"href":"https:\/\/portaltactica.com\/index.php?rest_route=\/wp\/v2\/users\/1"}],"replies":[{"embeddable":true,"href":"https:\/\/portaltactica.com\/index.php?rest_route=%2Fwp%2Fv2%2Fcomments&post=65949"}],"version-history":[{"count":0,"href":"https:\/\/portaltactica.com\/index.php?rest_route=\/wp\/v2\/posts\/65949\/revisions"}],"wp:featuredmedia":[{"embeddable":true,"href":"https:\/\/portaltactica.com\/index.php?rest_route=\/wp\/v2\/media\/65948"}],"wp:attachment":[{"href":"https:\/\/portaltactica.com\/index.php?rest_route=%2Fwp%2Fv2%2Fmedia&parent=65949"}],"wp:term":[{"taxonomy":"category","embeddable":true,"href":"https:\/\/portaltactica.com\/index.php?rest_route=%2Fwp%2Fv2%2Fcategories&post=65949"},{"taxonomy":"post_tag","embeddable":true,"href":"https:\/\/portaltactica.com\/index.php?rest_route=%2Fwp%2Fv2%2Ftags&post=65949"}],"curies":[{"name":"wp","href":"https:\/\/api.w.org\/{rel}","templated":true}]}}