{"id":65423,"date":"2022-12-31T08:01:56","date_gmt":"2022-12-31T15:01:56","guid":{"rendered":"https:\/\/portaltactica.com\/?p=65423"},"modified":"2022-12-31T08:01:59","modified_gmt":"2022-12-31T15:01:59","slug":"manny-pacquiao-anuncia-combate-en-2023-para-la-promocion-japonesa-de-mma-rizin","status":"publish","type":"post","link":"https:\/\/portaltactica.com\/?p=65423","title":{"rendered":"Manny Pacquiao anuncia combate en 2023 para la promoci\u00f3n japonesa de MMA Rizin"},"content":{"rendered":"\n<p>El legendario boxeador Manny Pacquiao no ha terminado de competir profesionalmente y anunci\u00f3 el s\u00e1bado que llevar\u00e1 su talento a Jap\u00f3n en 2023 para luchar por la organizaci\u00f3n asi\u00e1tica de artes marciales mixtas Rizin.<\/p>\n\n\n\n<p>Manny Pacquiao parece estar siguiendo los pasos de su antiguo rival Floyd Mayweather Jr. y de otros grandes del combate, ya que se encuentra en plena transici\u00f3n de las peleas importantes a las exhibiciones de entretenimiento.<\/p>\n\n\n\n<p>A principios de este mes, &#8220;Pacman&#8221; disput\u00f3 un combate de exhibici\u00f3n contra DK Yoo en Corea del Sur. El s\u00e1bado, anunci\u00f3 la pr\u00f3xima parada de lo que parece ser una gira por Asia en combates fuera de la esfera de la relevancia competitiva.<\/p>\n\n\n\n<p>Durante la retransmisi\u00f3n de un evento co-promovido entre las principales organizaciones de MMA, Bellator MMA y Rizin, el piloto de 44 a\u00f1os revel\u00f3 que ha firmado un contrato para competir con la principal promoci\u00f3n de deportes de combate de Jap\u00f3n el pr\u00f3ximo a\u00f1o, contra un oponente que se nombrar\u00e1 m\u00e1s adelante.<\/p>\n\n\n\n<blockquote class=\"wp-block-quote is-layout-flow wp-block-quote-is-layout-flow\">\n<p>&#8220;Hace unos meses estuve aqu\u00ed como invitado, y hoy tengo un anuncio muy emocionante. He acordado con Rizin pelear el pr\u00f3ximo a\u00f1o, la fecha ser\u00e1 anunciada pronto, y tambi\u00e9n mi oponente que Rizin elegir\u00e1. Estoy abierto y emocionado por pelear con un luchador japon\u00e9s&#8221;.<\/p>\n<cite><strong>Manny Pacquiao (h\/t MMA Fighting)<\/strong><\/cite><\/blockquote>\n\n\n\n<p class=\"has-medium-font-size\"><strong>\u00bfCompetir\u00e1 Manny Pacquiao en boxeo o en MMA para Rizin?<\/strong><\/p>\n\n\n\n<figure class=\"wp-block-embed is-type-rich is-provider-twitter wp-block-embed-twitter\"><div class=\"wp-block-embed__wrapper\">\n<blockquote class=\"twitter-tweet\" data-width=\"550\" data-dnt=\"true\"><p lang=\"en\" dir=\"ltr\">\ud835\udc00 \ud835\udc12\ud835\udc0f\ud835\udc04\ud835\udc02\ud835\udc08\ud835\udc00\ud835\udc0b \ud835\udc00\ud835\udc0d\ud835\udc0d\ud835\udc0e\ud835\udc14\ud835\udc0d\ud835\udc02\ud835\udc04\ud835\udc0c\ud835\udc04\ud835\udc0d\ud835\udc13&#8230;<br><br>The Pac-Man, <a href=\"https:\/\/twitter.com\/MannyPacquiao?ref_src=twsrc%5Etfw\">@MannyPacquiao<\/a> himself will fight in the RIZIN ring in 2023 against a Japanese fighter \ud83c\uddef\ud83c\uddf5!<br><br>[ <a href=\"https:\/\/twitter.com\/hashtag\/RIZIN40?src=hash&amp;ref_src=twsrc%5Etfw\">#RIZIN40<\/a> | <a href=\"https:\/\/twitter.com\/FiteTV?ref_src=twsrc%5Etfw\">@FiteTV<\/a> PPV link in bio ] <a href=\"https:\/\/t.co\/iLPMIK9wRj\">pic.twitter.com\/iLPMIK9wRj<\/a><\/p>&mdash; RIZIN FF English (@rizin_English) <a href=\"https:\/\/twitter.com\/rizin_English\/status\/1609104772023619584?ref_src=twsrc%5Etfw\">December 31, 2022<\/a><\/blockquote><script async src=\"https:\/\/platform.twitter.com\/widgets.js\" charset=\"utf-8\"><\/script>\n<\/div><\/figure>\n\n\n\n<p>Manny Pacquiao no es el primer icono del boxeo casi retirado que lleva su talento a Jap\u00f3n para Rizin. Mayweather Jr. ha competido dos veces anteriormente para la promoci\u00f3n. Anotando una victoria por nocaut sobre la estrella del kickboxing Tenshin Nasukawa en 2018, y luego una victoria por nocaut t\u00e9cnico sobre el luchador de MMA Mikuru Asakura en septiembre.<\/p>\n\n\n\n<p>Sin embargo, ambos combates fueron en boxeo, y uno tiene que esperar que tambi\u00e9n sea el caso para el campe\u00f3n de m\u00faltiples divisiones en su debut promocional. Pero, dado que Pacquiao es un p\u00fagil con derrotas en su historial y no est\u00e1 tratando de proteger un legendario r\u00e9cord de imbatibilidad y reputaci\u00f3n, es posible que el combate se celebre con guantes de MMA en lugar de guantes de boxeo, o bajo reglas mixtas, lo que tiene una larga historia en las peleas asi\u00e1ticas en jaula.<\/p>\n\n\n\n<p>El \u00faltimo combate relevante de Pacquiao en el boxeo fue una sorprendente derrota por decisi\u00f3n un\u00e1nime ante el sustituto de corto plazo Yordenis Ugas en una pelea por el t\u00edtulo en agosto de 2021. No est\u00e1 claro si el combate de Pacquiao en Rizin ser\u00e1 una exhibici\u00f3n o un combate oficial. El gran boxeador posee actualmente un r\u00e9cord de 68-8-2 en el ring.<\/p>\n<div class='share-to-whatsapp-wrapper'><div class='share-on-whsp'>Share on: <\/div><a data-text='Manny Pacquiao anuncia combate en 2023 para la promoci\u00f3n japonesa de MMA Rizin' data-link='https:\/\/portaltactica.com\/?p=65423' class='whatsapp-button whatsapp-share'>WhatsApp<\/a><div class='clear '><\/div><\/div>","protected":false},"excerpt":{"rendered":"<p>El legendario boxeador Manny Pacquiao no ha terminado de competir profesionalmente y anunci\u00f3 el s\u00e1bado que llevar\u00e1 su talento a Jap\u00f3n&hellip;<\/p>\n","protected":false},"author":2,"featured_media":65425,"comment_status":"closed","ping_status":"closed","sticky":false,"template":"","format":"standard","meta":{"advanced_seo_description":"","jetpack_seo_html_title":"","jetpack_seo_noindex":false,"_jetpack_memberships_contains_paid_content":false,"footnotes":"","jetpack_publicize_message":"","jetpack_publicize_feature_enabled":true,"jetpack_social_post_already_shared":true,"jetpack_social_options":{"image_generator_settings":{"template":"highway","default_image_id":0,"font":"","enabled":false},"version":2}},"categories":[1896],"tags":[200,246,2303,5446],"class_list":["post-65423","post","type-post","status-publish","format-standard","has-post-thumbnail","hentry","category-destacado-portada","tag-boxeo","tag-manny-pacquiao","tag-mma","tag-rizin"],"jetpack_publicize_connections":[],"jetpack_featured_media_url":"https:\/\/portaltactica.com\/wp-content\/uploads\/2022\/12\/4-1.png","jetpack_sharing_enabled":true,"_links":{"self":[{"href":"https:\/\/portaltactica.com\/index.php?rest_route=\/wp\/v2\/posts\/65423","targetHints":{"allow":["GET"]}}],"collection":[{"href":"https:\/\/portaltactica.com\/index.php?rest_route=\/wp\/v2\/posts"}],"about":[{"href":"https:\/\/portaltactica.com\/index.php?rest_route=\/wp\/v2\/types\/post"}],"author":[{"embeddable":true,"href":"https:\/\/portaltactica.com\/index.php?rest_route=\/wp\/v2\/users\/2"}],"replies":[{"embeddable":true,"href":"https:\/\/portaltactica.com\/index.php?rest_route=%2Fwp%2Fv2%2Fcomments&post=65423"}],"version-history":[{"count":1,"href":"https:\/\/portaltactica.com\/index.php?rest_route=\/wp\/v2\/posts\/65423\/revisions"}],"predecessor-version":[{"id":65426,"href":"https:\/\/portaltactica.com\/index.php?rest_route=\/wp\/v2\/posts\/65423\/revisions\/65426"}],"wp:featuredmedia":[{"embeddable":true,"href":"https:\/\/portaltactica.com\/index.php?rest_route=\/wp\/v2\/media\/65425"}],"wp:attachment":[{"href":"https:\/\/portaltactica.com\/index.php?rest_route=%2Fwp%2Fv2%2Fmedia&parent=65423"}],"wp:term":[{"taxonomy":"category","embeddable":true,"href":"https:\/\/portaltactica.com\/index.php?rest_route=%2Fwp%2Fv2%2Fcategories&post=65423"},{"taxonomy":"post_tag","embeddable":true,"href":"https:\/\/portaltactica.com\/index.php?rest_route=%2Fwp%2Fv2%2Ftags&post=65423"}],"curies":[{"name":"wp","href":"https:\/\/api.w.org\/{rel}","templated":true}]}}