{"id":65027,"date":"2022-12-16T09:35:37","date_gmt":"2022-12-16T16:35:37","guid":{"rendered":"https:\/\/portaltactica.com\/?p=65027"},"modified":"2022-12-16T09:35:40","modified_gmt":"2022-12-16T16:35:40","slug":"fallece-a-los-53-anos-el-ex-campeon-de-la-serie-a-sinisa-mihajlovic","status":"publish","type":"post","link":"https:\/\/portaltactica.com\/?p=65027","title":{"rendered":"Fallece a los 53 a\u00f1os el ex campe\u00f3n de la Serie A, Sinisa Mihajlovic"},"content":{"rendered":"\n<p>El exentrenador del AC Milan y del Bolonia, Sinisa Mihajlovic, ha fallecido a los 53 a\u00f1os tras una larga batalla contra la leucemia.<\/p>\n\n\n\n<p>El exdefensa de Yugoslavia, que gan\u00f3 la Copa de Europa con el Estrella Roja de Belgrado como jugador en 1991, anunci\u00f3 por primera vez que ten\u00eda leucemia en 2019.<\/p>\n\n\n\n<p>Fue tratado con \u00e9xito, pero se le diagnostic\u00f3 la enfermedad por segunda vez en marzo de 2022.<\/p>\n\n\n\n<p>&#8220;Su impacto en nuestro juego, pa\u00eds y corazones ser\u00e1 recordado para siempre&#8221;, dijo un comunicado de la Serie A.<\/p>\n\n\n\n<p>Mihajlovic gan\u00f3 la Serie A como jugador con el Lazio y el Inter de Mil\u00e1n y tambi\u00e9n jug\u00f3 en la Roma y la Sampdoria.<\/p>\n\n\n\n<p>Fue internacional con 63 pa\u00edses entre 1991 y 2003, y represent\u00f3 a la antigua Yugoslavia en el Mundial de 1998 y en la Eurocopa 2000.<\/p>\n\n\n\n<figure class=\"wp-block-embed is-type-rich is-provider-twitter wp-block-embed-twitter\"><div class=\"wp-block-embed__wrapper\">\n<blockquote class=\"twitter-tweet\" data-width=\"550\" data-dnt=\"true\"><p lang=\"en\" dir=\"ltr\">Heaven has gained another legend. You will be sorely missed, Sini\u0161a.<\/p>&mdash; AC Milan (@acmilan) <a href=\"https:\/\/twitter.com\/acmilan\/status\/1603759853914259456?ref_src=twsrc%5Etfw\">December 16, 2022<\/a><\/blockquote><script async src=\"https:\/\/platform.twitter.com\/widgets.js\" charset=\"utf-8\"><\/script>\n<\/div><\/figure>\n\n\n\n<p>Dirigi\u00f3 a la selecci\u00f3n nacional de Serbia y fue entrenador del Bolonia hasta septiembre, cuando fue destituido tras un mal comienzo de temporada.<\/p>\n\n\n\n<p>&#8220;Fue la decisi\u00f3n m\u00e1s dif\u00edcil que he tomado desde que soy presidente del Bolonia&#8221;, declar\u00f3 entonces Joey Saputo, presidente del club.<\/p>\n\n\n\n<p>&#8220;En los \u00faltimos a\u00f1os hemos vivido junto a Sinisa momentos hermosos y dolorosos que han cimentado una relaci\u00f3n no s\u00f3lo profesional, sino sobre todo humana.<\/p>\n\n\n\n<p>&#8220;Mihajlovic ha afrontado la enfermedad con valent\u00eda y determinaci\u00f3n desde el d\u00eda en que quiso hacer p\u00fablico su estado de salud en una emotiva rueda de prensa.<\/p>\n\n\n\n<p>&#8220;Desde entonces, a pesar de las estancias en el hospital y los fuertes efectos de los tratamientos a los que ha sido sometido, siempre ha permanecido cerca del equipo, haciendo todo lo posible para estar en contacto con los jugadores, en persona o en conexi\u00f3n, gracias tambi\u00e9n a la profesionalidad de su personal.&#8221;<\/p>\n\n\n\n<p>En un comunicado publicado en su p\u00e1gina web, la Asociaci\u00f3n Serbia de F\u00fatbol escribi\u00f3: &#8220;El f\u00fatbol ha perdido demasiado pronto a un campe\u00f3n de Europa y del mundo, uno de los mejores ejecutantes de tiros libres de la historia del f\u00fatbol, jugador, entrenador y seleccionador, un hombre que con su carrera dej\u00f3 una profunda huella en la historia del f\u00fatbol serbio e italiano.&#8221;<\/p>\n\n\n\n<p>Javier Zanetti, que jug\u00f3 con Mihajlovic en el Inter de Mil\u00e1n, declar\u00f3: &#8220;Era un buen amigo y ahora se ha ido. Ha hecho mucho por el f\u00fatbol. Un fuerte abrazo a su familia&#8221;.<\/p>\n\n\n\n<p>El viernes se guard\u00f3 un minuto de silencio por Mihajlovic antes del partido del AC Milan contra el Liverpool en la Supercopa de Dubai.<\/p>\n\n\n\n<figure class=\"wp-block-embed is-type-rich is-provider-twitter wp-block-embed-twitter\"><div class=\"wp-block-embed__wrapper\">\n<blockquote class=\"twitter-tweet\" data-width=\"550\" data-dnt=\"true\"><p lang=\"und\" dir=\"ltr\">Lega Serie A is extremely saddened by the passing of Sini\u0161a Mihajlovi\u0107 \ud83d\ude4f <a href=\"https:\/\/twitter.com\/SerieA?ref_src=twsrc%5Etfw\">@SerieA<\/a> <a href=\"https:\/\/t.co\/gIlDnnEysj\">pic.twitter.com\/gIlDnnEysj<\/a><\/p>&mdash; Lega Serie A (@SerieA_EN) <a href=\"https:\/\/twitter.com\/SerieA_EN\/status\/1603759323691171843?ref_src=twsrc%5Etfw\">December 16, 2022<\/a><\/blockquote><script async src=\"https:\/\/platform.twitter.com\/widgets.js\" charset=\"utf-8\"><\/script>\n<\/div><\/figure>\n<div class='share-to-whatsapp-wrapper'><div class='share-on-whsp'>Share on: <\/div><a data-text='Fallece a los 53 a\u00f1os el ex campe\u00f3n de la Serie A, Sinisa Mihajlovic' data-link='https:\/\/portaltactica.com\/?p=65027' class='whatsapp-button whatsapp-share'>WhatsApp<\/a><div class='clear '><\/div><\/div>","protected":false},"excerpt":{"rendered":"<p>El exentrenador del AC Milan y del Bolonia, Sinisa Mihajlovic, ha fallecido a los 53 a\u00f1os tras una larga batalla contra&hellip;<\/p>\n","protected":false},"author":2,"featured_media":65028,"comment_status":"closed","ping_status":"closed","sticky":false,"template":"","format":"standard","meta":{"advanced_seo_description":"","jetpack_seo_html_title":"","jetpack_seo_noindex":false,"_jetpack_memberships_contains_paid_content":false,"footnotes":"","jetpack_publicize_message":"","jetpack_publicize_feature_enabled":true,"jetpack_social_post_already_shared":true,"jetpack_social_options":{"image_generator_settings":{"template":"highway","default_image_id":0,"font":"","enabled":false},"version":2}},"categories":[1898],"tags":[2842,5398],"class_list":["post-65027","post","type-post","status-publish","format-standard","has-post-thumbnail","hentry","category-destacado-internacional","tag-serie-a","tag-sinisa-mihajlovic"],"jetpack_publicize_connections":[],"jetpack_featured_media_url":"https:\/\/portaltactica.com\/wp-content\/uploads\/2022\/12\/3-12.jpg","jetpack_sharing_enabled":true,"_links":{"self":[{"href":"https:\/\/portaltactica.com\/index.php?rest_route=\/wp\/v2\/posts\/65027","targetHints":{"allow":["GET"]}}],"collection":[{"href":"https:\/\/portaltactica.com\/index.php?rest_route=\/wp\/v2\/posts"}],"about":[{"href":"https:\/\/portaltactica.com\/index.php?rest_route=\/wp\/v2\/types\/post"}],"author":[{"embeddable":true,"href":"https:\/\/portaltactica.com\/index.php?rest_route=\/wp\/v2\/users\/2"}],"replies":[{"embeddable":true,"href":"https:\/\/portaltactica.com\/index.php?rest_route=%2Fwp%2Fv2%2Fcomments&post=65027"}],"version-history":[{"count":1,"href":"https:\/\/portaltactica.com\/index.php?rest_route=\/wp\/v2\/posts\/65027\/revisions"}],"predecessor-version":[{"id":65029,"href":"https:\/\/portaltactica.com\/index.php?rest_route=\/wp\/v2\/posts\/65027\/revisions\/65029"}],"wp:featuredmedia":[{"embeddable":true,"href":"https:\/\/portaltactica.com\/index.php?rest_route=\/wp\/v2\/media\/65028"}],"wp:attachment":[{"href":"https:\/\/portaltactica.com\/index.php?rest_route=%2Fwp%2Fv2%2Fmedia&parent=65027"}],"wp:term":[{"taxonomy":"category","embeddable":true,"href":"https:\/\/portaltactica.com\/index.php?rest_route=%2Fwp%2Fv2%2Fcategories&post=65027"},{"taxonomy":"post_tag","embeddable":true,"href":"https:\/\/portaltactica.com\/index.php?rest_route=%2Fwp%2Fv2%2Ftags&post=65027"}],"curies":[{"name":"wp","href":"https:\/\/api.w.org\/{rel}","templated":true}]}}